{"id":4091,"date":"2016-11-20T13:24:50","date_gmt":"2016-11-20T12:24:50","guid":{"rendered":"https:\/\/www.mouthiers-sur-boeme.fr\/?p=4091"},"modified":"2016-11-26T21:07:33","modified_gmt":"2016-11-26T20:07:33","slug":"la-petite-chandelle","status":"publish","type":"post","link":"https:\/\/www.mouthiers-sur-boeme.fr\/?p=4091","title":{"rendered":"La Petite Chandelle"},"content":{"rendered":"<p>Concert &#8211; Chanson fran\u00e7aise &#8211; samedi 26 novembre \u00e0 20h30 \u00a0&#8211; MJC Jules Ferry : 8 \u20ac \/6\u20ac (r\u00e9duit et &#8211; de 18 ans)\/Gratuit &#8211; de 12 ans. Buvette et vente de cr\u00eapes sur place. Entr\u00e9e sur r\u00e9servation au 05 45 21 48 76 (places limit\u00e9es)<\/p>\n","protected":false},"excerpt":{"rendered":"<p>Concert &#8211; Chanson fran\u00e7aise &#8211; samedi 26 novembre \u00e0 20h30 \u00a0&#8211; MJC Jules Ferry : 8 \u20ac \/6\u20ac (r\u00e9duit et &#8211; de 18 ans)\/Gratuit &#8211; de 12 ans. Buvette et vente de cr\u00eapes sur place. Entr\u00e9e sur r\u00e9servation au 05 45 21 48 76 (places limit\u00e9es)<\/p>\n","protected":false},"author":22,"featured_media":0,"comment_status":"open","ping_status":"open","sticky":false,"template":"","format":"standard","meta":[],"categories":[12],"tags":[],"_links":{"self":[{"href":"https:\/\/www.mouthiers-sur-boeme.fr\/index.php?rest_route=\/wp\/v2\/posts\/4091"}],"collection":[{"href":"https:\/\/www.mouthiers-sur-boeme.fr\/index.php?rest_route=\/wp\/v2\/posts"}],"about":[{"href":"https:\/\/www.mouthiers-sur-boeme.fr\/index.php?rest_route=\/wp\/v2\/types\/post"}],"author":[{"embeddable":true,"href":"https:\/\/www.mouthiers-sur-boeme.fr\/index.php?rest_route=\/wp\/v2\/users\/22"}],"replies":[{"embeddable":true,"href":"https:\/\/www.mouthiers-sur-boeme.fr\/index.php?rest_route=%2Fwp%2Fv2%2Fcomments&post=4091"}],"version-history":[{"count":1,"href":"https:\/\/www.mouthiers-sur-boeme.fr\/index.php?rest_route=\/wp\/v2\/posts\/4091\/revisions"}],"predecessor-version":[{"id":4092,"href":"https:\/\/www.mouthiers-sur-boeme.fr\/index.php?rest_route=\/wp\/v2\/posts\/4091\/revisions\/4092"}],"wp:attachment":[{"href":"https:\/\/www.mouthiers-sur-boeme.fr\/index.php?rest_route=%2Fwp%2Fv2%2Fmedia&parent=4091"}],"wp:term":[{"taxonomy":"category","embeddable":true,"href":"https:\/\/www.mouthiers-sur-boeme.fr\/index.php?rest_route=%2Fwp%2Fv2%2Fcategories&post=4091"},{"taxonomy":"post_tag","embeddable":true,"href":"https:\/\/www.mouthiers-sur-boeme.fr\/index.php?rest_route=%2Fwp%2Fv2%2Ftags&post=4091"}],"curies":[{"name":"wp","href":"https:\/\/api.w.org\/{rel}","templated":true}]}}