{"id":4157,"date":"2016-12-08T07:34:05","date_gmt":"2016-12-08T06:34:05","guid":{"rendered":"https:\/\/www.mouthiers-sur-boeme.fr\/?p=4157"},"modified":"2017-01-18T17:38:51","modified_gmt":"2017-01-18T16:38:51","slug":"fete-de-la-musique","status":"publish","type":"post","link":"https:\/\/www.mouthiers-sur-boeme.fr\/?p=4157","title":{"rendered":"F\u00eate de la musique"},"content":{"rendered":"<p>Mouthiers sur Bo\u00ebme au coeur de la f\u00eate de la musique le 21 juin 2017. Vous souhaitez participer en tant qu&rsquo;amateurs ou professionnels de musique, nous vous donnons rendez-vous <strong>mercredi 14 d\u00e9cembre \u00e0 20h30 salle du conseil \u00e0 la mairie.<\/strong><\/p>\n<p>Nous comptons sur vous.<\/p>\n","protected":false},"excerpt":{"rendered":"<p>Mouthiers sur Bo\u00ebme au coeur de la f\u00eate de la musique le 21 juin 2017. Vous souhaitez participer en tant qu&rsquo;amateurs ou professionnels de musique, nous vous donnons rendez-vous mercredi 14 d\u00e9cembre \u00e0 20h30 salle du conseil \u00e0 la mairie. Nous comptons sur vous.<\/p>\n","protected":false},"author":22,"featured_media":0,"comment_status":"open","ping_status":"open","sticky":false,"template":"","format":"standard","meta":[],"categories":[10,12],"tags":[],"_links":{"self":[{"href":"https:\/\/www.mouthiers-sur-boeme.fr\/index.php?rest_route=\/wp\/v2\/posts\/4157"}],"collection":[{"href":"https:\/\/www.mouthiers-sur-boeme.fr\/index.php?rest_route=\/wp\/v2\/posts"}],"about":[{"href":"https:\/\/www.mouthiers-sur-boeme.fr\/index.php?rest_route=\/wp\/v2\/types\/post"}],"author":[{"embeddable":true,"href":"https:\/\/www.mouthiers-sur-boeme.fr\/index.php?rest_route=\/wp\/v2\/users\/22"}],"replies":[{"embeddable":true,"href":"https:\/\/www.mouthiers-sur-boeme.fr\/index.php?rest_route=%2Fwp%2Fv2%2Fcomments&post=4157"}],"version-history":[{"count":1,"href":"https:\/\/www.mouthiers-sur-boeme.fr\/index.php?rest_route=\/wp\/v2\/posts\/4157\/revisions"}],"predecessor-version":[{"id":4158,"href":"https:\/\/www.mouthiers-sur-boeme.fr\/index.php?rest_route=\/wp\/v2\/posts\/4157\/revisions\/4158"}],"wp:attachment":[{"href":"https:\/\/www.mouthiers-sur-boeme.fr\/index.php?rest_route=%2Fwp%2Fv2%2Fmedia&parent=4157"}],"wp:term":[{"taxonomy":"category","embeddable":true,"href":"https:\/\/www.mouthiers-sur-boeme.fr\/index.php?rest_route=%2Fwp%2Fv2%2Fcategories&post=4157"},{"taxonomy":"post_tag","embeddable":true,"href":"https:\/\/www.mouthiers-sur-boeme.fr\/index.php?rest_route=%2Fwp%2Fv2%2Ftags&post=4157"}],"curies":[{"name":"wp","href":"https:\/\/api.w.org\/{rel}","templated":true}]}}