{"id":4159,"date":"2016-12-05T09:08:35","date_gmt":"2016-12-05T08:08:35","guid":{"rendered":"https:\/\/www.mouthiers-sur-boeme.fr\/?p=4159"},"modified":"2016-12-20T09:09:20","modified_gmt":"2016-12-20T08:09:20","slug":"mediatheque","status":"publish","type":"post","link":"https:\/\/www.mouthiers-sur-boeme.fr\/?p=4159","title":{"rendered":"M\u00e9diath\u00e8que"},"content":{"rendered":"<p>No\u00ebl approche. On pr\u00e9pare les f\u00eates. La m\u00e9diath\u00e8que vous accueille pour vous proposer des moments chaleureux pour les petits et les grands :<\/p>\n<p>vendredi 9 d\u00e9cembre : remise des prix du rallye-voyage &#8211; \u00e0 partir de 18h &#8211; r\u00e9sultats des votes et remises des prix aux classes et aux participants. Expositions des travaux des classes.<\/p>\n<p>samedi 10 d\u00e9cembre : le no\u00ebl de Grodidou &#8211; 10h30 salle d&rsquo;exposition de la m\u00e9diath\u00e8que. Le P\u00e8re No\u00ebl sera l\u00e0 (si tout se passe bien).<\/p>\n<p>Vendredi 16 d\u00e9cembre : pour les petits et les grands pyjamas obligatoires. Veill\u00e9e de no\u00ebl. Pour les petits les doudous sont autoris\u00e9s.<\/p>\n<p>RAPPEL : les m\u00e9diath\u00e8ques seront ferm\u00e9es le samedi 24 et le samedi 31 d\u00e9cembre.<\/p>\n","protected":false},"excerpt":{"rendered":"<p>No\u00ebl approche. On pr\u00e9pare les f\u00eates. La m\u00e9diath\u00e8que vous accueille pour vous proposer des moments chaleureux pour les petits et les grands : vendredi 9 d\u00e9cembre : remise des prix du rallye-voyage &#8211; \u00e0 partir de 18h &#8211; r\u00e9sultats des votes et remises des prix aux classes et aux participants. Expositions des travaux des classes. &hellip; <a href=\"https:\/\/www.mouthiers-sur-boeme.fr\/?p=4159\" class=\"more-link\">Continuer la lecture de <span class=\"screen-reader-text\">M\u00e9diath\u00e8que<\/span>  <span class=\"meta-nav\">&rarr;<\/span><\/a><\/p>\n","protected":false},"author":22,"featured_media":0,"comment_status":"open","ping_status":"open","sticky":false,"template":"","format":"standard","meta":[],"categories":[20,12],"tags":[],"_links":{"self":[{"href":"https:\/\/www.mouthiers-sur-boeme.fr\/index.php?rest_route=\/wp\/v2\/posts\/4159"}],"collection":[{"href":"https:\/\/www.mouthiers-sur-boeme.fr\/index.php?rest_route=\/wp\/v2\/posts"}],"about":[{"href":"https:\/\/www.mouthiers-sur-boeme.fr\/index.php?rest_route=\/wp\/v2\/types\/post"}],"author":[{"embeddable":true,"href":"https:\/\/www.mouthiers-sur-boeme.fr\/index.php?rest_route=\/wp\/v2\/users\/22"}],"replies":[{"embeddable":true,"href":"https:\/\/www.mouthiers-sur-boeme.fr\/index.php?rest_route=%2Fwp%2Fv2%2Fcomments&post=4159"}],"version-history":[{"count":1,"href":"https:\/\/www.mouthiers-sur-boeme.fr\/index.php?rest_route=\/wp\/v2\/posts\/4159\/revisions"}],"predecessor-version":[{"id":4160,"href":"https:\/\/www.mouthiers-sur-boeme.fr\/index.php?rest_route=\/wp\/v2\/posts\/4159\/revisions\/4160"}],"wp:attachment":[{"href":"https:\/\/www.mouthiers-sur-boeme.fr\/index.php?rest_route=%2Fwp%2Fv2%2Fmedia&parent=4159"}],"wp:term":[{"taxonomy":"category","embeddable":true,"href":"https:\/\/www.mouthiers-sur-boeme.fr\/index.php?rest_route=%2Fwp%2Fv2%2Fcategories&post=4159"},{"taxonomy":"post_tag","embeddable":true,"href":"https:\/\/www.mouthiers-sur-boeme.fr\/index.php?rest_route=%2Fwp%2Fv2%2Ftags&post=4159"}],"curies":[{"name":"wp","href":"https:\/\/api.w.org\/{rel}","templated":true}]}}