{"id":4163,"date":"2016-12-20T09:12:12","date_gmt":"2016-12-20T08:12:12","guid":{"rendered":"https:\/\/www.mouthiers-sur-boeme.fr\/?p=4163"},"modified":"2017-02-03T15:45:32","modified_gmt":"2017-02-03T14:45:32","slug":"reveillon-solidaire-le-31-decembre-2016","status":"publish","type":"post","link":"https:\/\/www.mouthiers-sur-boeme.fr\/?p=4163","title":{"rendered":"S\u00e9ance cin\u00e9ma du 19 janvier 2017 La danseuse"},"content":{"rendered":"<p><a href=\"https:\/\/www.mouthiers-sur-boeme.fr\/wp-content\/uploads\/2016\/12\/arton629-29891.jpg\"><img loading=\"lazy\" class=\"alignnone size-medium wp-image-4424\" src=\"https:\/\/www.mouthiers-sur-boeme.fr\/wp-content\/uploads\/2016\/12\/arton629-29891-225x300.jpg\" alt=\"\" width=\"225\" height=\"300\" \/><\/a><\/p>\n<header>\n<h1 class=\"crayon article-titre-629 \">La Danseuse<\/h1>\n<div class=\"chapo crayon article-chapo-629 clearfix\">\n<p>De<strong> St\u00e9phanie Di Giusto<\/strong><br class=\"autobr\" \/> Avec<strong> Soko, Gaspard Ulliel, M\u00e9lanie Thierry <\/strong><br class=\"autobr\" \/> Genres <strong>Drame, Biopic<\/strong><br class=\"autobr\" \/> Nationalit\u00e9 <strong>Fran\u00e7ais <\/strong><br class=\"autobr\" \/> Dur\u00e9e <strong>1h 52<\/strong><\/p>\n<\/div>\n<\/header>\n<hr \/>\n<div class=\"crayon article-texte-629 clearfix\">\n<p>Lo\u00efe Fuller est n\u00e9e dans le grand ouest am\u00e9ricain. Rien ne destine cette fille de ferme \u00e0 devenir la gloire des cabarets parisiens de la Belle Epoque et encore moins \u00e0 danser \u00e0 l\u2019Op\u00e9ra de Paris. Cach\u00e9e sous des m\u00e8tres de soie, les bras prolong\u00e9s de longues baguettes en bois, Lo\u00efe r\u00e9invente son corps sur sc\u00e8ne et \u00e9merveille chaque soir un peu plus. M\u00eame si les efforts physiques doivent lui briser le dos, m\u00eame si la puissance des \u00e9clairages doit lui br\u00fbler les yeux, elle ne cessera de perfectionner sa danse. Mais sa rencontre avec Isadora Duncan, jeune prodige avide de gloire, va pr\u00e9cipiter la chute de cette ic\u00f4ne du d\u00e9but du 20\u00e8me si\u00e8cle.<\/p>\n<\/div>\n","protected":false},"excerpt":{"rendered":"<p>La Danseuse De St\u00e9phanie Di Giusto Avec Soko, Gaspard Ulliel, M\u00e9lanie Thierry Genres Drame, Biopic Nationalit\u00e9 Fran\u00e7ais Dur\u00e9e 1h 52 Lo\u00efe Fuller est n\u00e9e dans le grand ouest am\u00e9ricain. Rien ne destine cette fille de ferme \u00e0 devenir la gloire des cabarets parisiens de la Belle Epoque et encore moins \u00e0 danser \u00e0 l\u2019Op\u00e9ra de &hellip; <a href=\"https:\/\/www.mouthiers-sur-boeme.fr\/?p=4163\" class=\"more-link\">Continuer la lecture de <span class=\"screen-reader-text\">S\u00e9ance cin\u00e9ma du 19 janvier 2017 La danseuse<\/span>  <span class=\"meta-nav\">&rarr;<\/span><\/a><\/p>\n","protected":false},"author":22,"featured_media":0,"comment_status":"open","ping_status":"open","sticky":false,"template":"","format":"standard","meta":[],"categories":[14],"tags":[],"_links":{"self":[{"href":"https:\/\/www.mouthiers-sur-boeme.fr\/index.php?rest_route=\/wp\/v2\/posts\/4163"}],"collection":[{"href":"https:\/\/www.mouthiers-sur-boeme.fr\/index.php?rest_route=\/wp\/v2\/posts"}],"about":[{"href":"https:\/\/www.mouthiers-sur-boeme.fr\/index.php?rest_route=\/wp\/v2\/types\/post"}],"author":[{"embeddable":true,"href":"https:\/\/www.mouthiers-sur-boeme.fr\/index.php?rest_route=\/wp\/v2\/users\/22"}],"replies":[{"embeddable":true,"href":"https:\/\/www.mouthiers-sur-boeme.fr\/index.php?rest_route=%2Fwp%2Fv2%2Fcomments&post=4163"}],"version-history":[{"count":5,"href":"https:\/\/www.mouthiers-sur-boeme.fr\/index.php?rest_route=\/wp\/v2\/posts\/4163\/revisions"}],"predecessor-version":[{"id":4426,"href":"https:\/\/www.mouthiers-sur-boeme.fr\/index.php?rest_route=\/wp\/v2\/posts\/4163\/revisions\/4426"}],"wp:attachment":[{"href":"https:\/\/www.mouthiers-sur-boeme.fr\/index.php?rest_route=%2Fwp%2Fv2%2Fmedia&parent=4163"}],"wp:term":[{"taxonomy":"category","embeddable":true,"href":"https:\/\/www.mouthiers-sur-boeme.fr\/index.php?rest_route=%2Fwp%2Fv2%2Fcategories&post=4163"},{"taxonomy":"post_tag","embeddable":true,"href":"https:\/\/www.mouthiers-sur-boeme.fr\/index.php?rest_route=%2Fwp%2Fv2%2Ftags&post=4163"}],"curies":[{"name":"wp","href":"https:\/\/api.w.org\/{rel}","templated":true}]}}