{"id":4529,"date":"2017-03-01T08:54:01","date_gmt":"2017-03-01T07:54:01","guid":{"rendered":"https:\/\/www.mouthiers-sur-boeme.fr\/?p=4529"},"modified":"2017-03-17T07:28:44","modified_gmt":"2017-03-17T06:28:44","slug":"cinema-mjc-16-mars-a-20h30","status":"publish","type":"post","link":"https:\/\/www.mouthiers-sur-boeme.fr\/?p=4529","title":{"rendered":"Cin\u00e9ma  MJC 16 mars \u00e0 20h30"},"content":{"rendered":"<header>\n<h1 class=\"crayon article-titre-652 \">Cigarettes et chocolat chaud<\/h1>\n<div class=\"chapo crayon article-chapo-652 clearfix\">\n<p>De <strong>Sophie Reine <\/strong><br class=\"autobr\" \/> Avec <strong>Gustave Kervern, Camille Cottin, H\u00e9lo\u00efse Dugas <\/strong><br class=\"autobr\" \/> Genre <strong>Com\u00e9die <\/strong><br class=\"autobr\" \/> Nationalit\u00e9 <strong>Fran\u00e7ais <\/strong><br class=\"autobr\" \/> Dur\u00e9e <strong>1h 38<\/strong><\/p>\n<\/div>\n<\/header>\n<hr \/>\n<div class=\"crayon article-texte-652 clearfix\">\n<p>Denis Patar est un p\u00e8re aimant mais d\u00e9bord\u00e9 qui se d\u00e9bat seul avec l\u2019\u00e9ducation de ses filles, Janis 13 ans et Mercredi 9 ans, deux boulots et une bonne dose de syst\u00e8me D. Un soir Denis oublie, une fois de trop, Mercredi \u00e0 la sortie de l\u2019\u00e9cole. Une enqu\u00eatrice sociale passe alors le quotidien de la famille Patar \u00e0 la loupe et oblige Denis \u00e0 un \u00ab\u00a0stage de parentalit\u00e9\u00a0\u00bb. D\u00e9sormais les Patar vont devoir rentrer dans le rang\u2026<\/p>\n<p><a href=\"http:\/\/www.crcatb.fr\/films-cinema-charente-crcatb\/article\/cigarettes-et-chocolat-chaud\" target=\"_blank\">Bande annonce sur Site CRCATB<\/a><\/p>\n<\/div>\n<p><a href=\"https:\/\/www.mouthiers-sur-boeme.fr\/wp-content\/uploads\/2017\/03\/affiche-CIGARETTES-ET-CHOCOLAT-CHAUD.jpg\"><img loading=\"lazy\" class=\"alignnone size-medium wp-image-4531\" src=\"https:\/\/www.mouthiers-sur-boeme.fr\/wp-content\/uploads\/2017\/03\/affiche-CIGARETTES-ET-CHOCOLAT-CHAUD-211x300.jpg\" alt=\"\" width=\"211\" height=\"300\" \/><\/a><\/p>\n","protected":false},"excerpt":{"rendered":"<p>Cigarettes et chocolat chaud De Sophie Reine Avec Gustave Kervern, Camille Cottin, H\u00e9lo\u00efse Dugas Genre Com\u00e9die Nationalit\u00e9 Fran\u00e7ais Dur\u00e9e 1h 38 Denis Patar est un p\u00e8re aimant mais d\u00e9bord\u00e9 qui se d\u00e9bat seul avec l\u2019\u00e9ducation de ses filles, Janis 13 ans et Mercredi 9 ans, deux boulots et une bonne dose de syst\u00e8me D. Un &hellip; <a href=\"https:\/\/www.mouthiers-sur-boeme.fr\/?p=4529\" class=\"more-link\">Continuer la lecture de <span class=\"screen-reader-text\">Cin\u00e9ma  MJC 16 mars \u00e0 20h30<\/span>  <span class=\"meta-nav\">&rarr;<\/span><\/a><\/p>\n","protected":false},"author":22,"featured_media":0,"comment_status":"open","ping_status":"open","sticky":false,"template":"","format":"standard","meta":[],"categories":[65],"tags":[],"_links":{"self":[{"href":"https:\/\/www.mouthiers-sur-boeme.fr\/index.php?rest_route=\/wp\/v2\/posts\/4529"}],"collection":[{"href":"https:\/\/www.mouthiers-sur-boeme.fr\/index.php?rest_route=\/wp\/v2\/posts"}],"about":[{"href":"https:\/\/www.mouthiers-sur-boeme.fr\/index.php?rest_route=\/wp\/v2\/types\/post"}],"author":[{"embeddable":true,"href":"https:\/\/www.mouthiers-sur-boeme.fr\/index.php?rest_route=\/wp\/v2\/users\/22"}],"replies":[{"embeddable":true,"href":"https:\/\/www.mouthiers-sur-boeme.fr\/index.php?rest_route=%2Fwp%2Fv2%2Fcomments&post=4529"}],"version-history":[{"count":2,"href":"https:\/\/www.mouthiers-sur-boeme.fr\/index.php?rest_route=\/wp\/v2\/posts\/4529\/revisions"}],"predecessor-version":[{"id":4533,"href":"https:\/\/www.mouthiers-sur-boeme.fr\/index.php?rest_route=\/wp\/v2\/posts\/4529\/revisions\/4533"}],"wp:attachment":[{"href":"https:\/\/www.mouthiers-sur-boeme.fr\/index.php?rest_route=%2Fwp%2Fv2%2Fmedia&parent=4529"}],"wp:term":[{"taxonomy":"category","embeddable":true,"href":"https:\/\/www.mouthiers-sur-boeme.fr\/index.php?rest_route=%2Fwp%2Fv2%2Fcategories&post=4529"},{"taxonomy":"post_tag","embeddable":true,"href":"https:\/\/www.mouthiers-sur-boeme.fr\/index.php?rest_route=%2Fwp%2Fv2%2Ftags&post=4529"}],"curies":[{"name":"wp","href":"https:\/\/api.w.org\/{rel}","templated":true}]}}