{"id":4543,"date":"2017-03-13T13:13:45","date_gmt":"2017-03-13T12:13:45","guid":{"rendered":"https:\/\/www.mouthiers-sur-boeme.fr\/?p=4543"},"modified":"2017-03-13T13:13:45","modified_gmt":"2017-03-13T12:13:45","slug":"en-mars-dans-votre-mediatheque","status":"publish","type":"post","link":"https:\/\/www.mouthiers-sur-boeme.fr\/?p=4543","title":{"rendered":"En mars dans votre m\u00e9diath\u00e8que"},"content":{"rendered":"<p><span style=\"font-size: medium;\">En mars, plein de choses se passent dans votre m\u00e9diath\u00e8que &#8230;<br \/>\n<\/span><\/p>\n<ul>\n<li><span style=\"font-size: medium;\"><u>Exposition Bogolan<\/u> <b>du 17 mars au 07 avril<\/b>.\u00a0 <\/span><\/li>\n<\/ul>\n<p><span style=\"font-size: medium;\">Cette exposition a \u00e9t\u00e9 r\u00e9alis\u00e9e par l&rsquo;association angoumoisine Badenya Ton. Venez d\u00e9couvrir cet art de teinture malienne.<\/span><\/p>\n<p><span style=\"font-size: medium;\">Nous vous convions chaleureusement au vernissage le vendredi 17 mars \u00e0 18h30 \u00e0 la m\u00e9diath\u00e8que de Mouthiers-sur-Bo\u00ebme.<\/span><span style=\"font-size: medium;\"><img loading=\"lazy\" src=\"https:\/\/www.mouthiers-sur-boeme.fr\/wp-content\/uploads\/2017\/03\/Invitation-Bogolan.jpg\" width=\"500\" height=\"213\" \/><\/span><\/p>\n<ul>\n<li><span style=\"font-size: medium;\"><u>Conf\u00e9rence \u00ab\u00a0Une passion nomm\u00e9e Japon\u00a0\u00bb<\/u> le<b> vendredi 24 mars \u00e0 19h<\/b>.<\/span><\/li>\n<\/ul>\n<p><span style=\"font-size: medium;\">Annie et Christophe Gutowski, deux passion\u00e9s du Japon, vous feront d\u00e9couvrir les \u00eeles d&rsquo;Okinawa, de Kyushu et ses couleurs automnales, d&rsquo;Hokkaido sous la neige et du nord du Japon.\u00a0 <\/span><\/p>\n<div><span style=\"font-size: medium;\"><img loading=\"lazy\" src=\"https:\/\/www.mouthiers-sur-boeme.fr\/wp-content\/uploads\/2017\/03\/invitation-conf%C3%A9rence-Japon.jpg\" width=\"400\" height=\"400\" \/><\/span><\/div>\n<p>&nbsp;<\/p>\n<ul>\n<li><span style=\"font-size: medium;\"><u>Atelier Bogolan<\/u>\u00a0 le <b>samedi 25 mars de 10h30 \u00e0 12h<\/b>.<\/span><\/li>\n<\/ul>\n<p><span style=\"font-size: medium;\">D\u00e9couvrez le principe de la teinture naturelle, le bogolan. Un atelier encadr\u00e9 par Eug\u00e9nie Ormsby, la pr\u00e9sidente de l&rsquo;association Badenya Ton. D\u00e9p\u00eachez-vous, il ne reste plus que quelques places! Une vente de produits artisanaux maliens aura lieu devant la m\u00e9diath\u00e8que durant cette matin\u00e9e.<br \/>\n<\/span><\/p>\n<p><span style=\"font-size: medium;\">R\u00e9servation au 05.45.67.89.47. <\/span><\/p>\n<p><a href=\"https:\/\/www.mouthiers-sur-boeme.fr\/wp-content\/uploads\/2017\/03\/affiche-atelier-Bogolan.jpg\"><img loading=\"lazy\" class=\"alignnone size-full wp-image-4538\" src=\"https:\/\/www.mouthiers-sur-boeme.fr\/wp-content\/uploads\/2017\/03\/affiche-atelier-Bogolan.jpg\" alt=\"\" width=\"794\" height=\"1123\" srcset=\"https:\/\/www.mouthiers-sur-boeme.fr\/wp-content\/uploads\/2017\/03\/affiche-atelier-Bogolan.jpg 794w, https:\/\/www.mouthiers-sur-boeme.fr\/wp-content\/uploads\/2017\/03\/affiche-atelier-Bogolan-212x300.jpg 212w, https:\/\/www.mouthiers-sur-boeme.fr\/wp-content\/uploads\/2017\/03\/affiche-atelier-Bogolan-768x1086.jpg 768w, https:\/\/www.mouthiers-sur-boeme.fr\/wp-content\/uploads\/2017\/03\/affiche-atelier-Bogolan-724x1024.jpg 724w\" sizes=\"(max-width: 794px) 100vw, 794px\" \/><\/a><\/p>\n","protected":false},"excerpt":{"rendered":"<p>En mars, plein de choses se passent dans votre m\u00e9diath\u00e8que &#8230; Exposition Bogolan du 17 mars au 07 avril.\u00a0 Cette exposition a \u00e9t\u00e9 r\u00e9alis\u00e9e par l&rsquo;association angoumoisine Badenya Ton. Venez d\u00e9couvrir cet art de teinture malienne. Nous vous convions chaleureusement au vernissage le vendredi 17 mars \u00e0 18h30 \u00e0 la m\u00e9diath\u00e8que de Mouthiers-sur-Bo\u00ebme. Conf\u00e9rence \u00ab\u00a0Une &hellip; <a href=\"https:\/\/www.mouthiers-sur-boeme.fr\/?p=4543\" class=\"more-link\">Continuer la lecture de <span class=\"screen-reader-text\">En mars dans votre m\u00e9diath\u00e8que<\/span>  <span class=\"meta-nav\">&rarr;<\/span><\/a><\/p>\n","protected":false},"author":22,"featured_media":0,"comment_status":"open","ping_status":"open","sticky":false,"template":"","format":"standard","meta":[],"categories":[20],"tags":[46,72],"_links":{"self":[{"href":"https:\/\/www.mouthiers-sur-boeme.fr\/index.php?rest_route=\/wp\/v2\/posts\/4543"}],"collection":[{"href":"https:\/\/www.mouthiers-sur-boeme.fr\/index.php?rest_route=\/wp\/v2\/posts"}],"about":[{"href":"https:\/\/www.mouthiers-sur-boeme.fr\/index.php?rest_route=\/wp\/v2\/types\/post"}],"author":[{"embeddable":true,"href":"https:\/\/www.mouthiers-sur-boeme.fr\/index.php?rest_route=\/wp\/v2\/users\/22"}],"replies":[{"embeddable":true,"href":"https:\/\/www.mouthiers-sur-boeme.fr\/index.php?rest_route=%2Fwp%2Fv2%2Fcomments&post=4543"}],"version-history":[{"count":3,"href":"https:\/\/www.mouthiers-sur-boeme.fr\/index.php?rest_route=\/wp\/v2\/posts\/4543\/revisions"}],"predecessor-version":[{"id":4564,"href":"https:\/\/www.mouthiers-sur-boeme.fr\/index.php?rest_route=\/wp\/v2\/posts\/4543\/revisions\/4564"}],"wp:attachment":[{"href":"https:\/\/www.mouthiers-sur-boeme.fr\/index.php?rest_route=%2Fwp%2Fv2%2Fmedia&parent=4543"}],"wp:term":[{"taxonomy":"category","embeddable":true,"href":"https:\/\/www.mouthiers-sur-boeme.fr\/index.php?rest_route=%2Fwp%2Fv2%2Fcategories&post=4543"},{"taxonomy":"post_tag","embeddable":true,"href":"https:\/\/www.mouthiers-sur-boeme.fr\/index.php?rest_route=%2Fwp%2Fv2%2Ftags&post=4543"}],"curies":[{"name":"wp","href":"https:\/\/api.w.org\/{rel}","templated":true}]}}