{"id":4549,"date":"2017-03-16T08:14:58","date_gmt":"2017-03-16T07:14:58","guid":{"rendered":"https:\/\/www.mouthiers-sur-boeme.fr\/?p=4549"},"modified":"2017-03-16T08:14:58","modified_gmt":"2017-03-16T07:14:58","slug":"mediatheque-de-mouthiers-sur-boeme-rappel","status":"publish","type":"post","link":"https:\/\/www.mouthiers-sur-boeme.fr\/?p=4549","title":{"rendered":"M\u00e9diath\u00e8que de Mouthiers sur Bo\u00ebme &#8211; Rappel"},"content":{"rendered":"<p>En mars, la m\u00e9diath\u00e8que vous propose :<\/p>\n<p>Conf\u00e9rence sur le Japon : vendredi 24 mars \u00e0 19 heures<\/p>\n<p><a href=\"https:\/\/www.mouthiers-sur-boeme.fr\/wp-content\/uploads\/2017\/03\/invitation-conf\u00e9rence-Japon.jpg\"><img loading=\"lazy\" class=\"aligncenter size-medium wp-image-4541\" src=\"https:\/\/www.mouthiers-sur-boeme.fr\/wp-content\/uploads\/2017\/03\/invitation-conf\u00e9rence-Japon-300x300.jpg\" alt=\"\" width=\"300\" height=\"300\" srcset=\"https:\/\/www.mouthiers-sur-boeme.fr\/wp-content\/uploads\/2017\/03\/invitation-conf\u00e9rence-Japon-300x300.jpg 300w, https:\/\/www.mouthiers-sur-boeme.fr\/wp-content\/uploads\/2017\/03\/invitation-conf\u00e9rence-Japon-150x150.jpg 150w, https:\/\/www.mouthiers-sur-boeme.fr\/wp-content\/uploads\/2017\/03\/invitation-conf\u00e9rence-Japon.jpg 529w\" sizes=\"(max-width: 300px) 100vw, 300px\" \/><\/a>Exposition Bogolan : du 17 mars au 07 avril<\/p>\n<p><a href=\"https:\/\/www.mouthiers-sur-boeme.fr\/wp-content\/uploads\/2017\/03\/affiche-exposition-Bogolan.jpg\"><img loading=\"lazy\" class=\"aligncenter size-medium wp-image-4539\" src=\"https:\/\/www.mouthiers-sur-boeme.fr\/wp-content\/uploads\/2017\/03\/affiche-exposition-Bogolan-212x300.jpg\" alt=\"\" width=\"212\" height=\"300\" srcset=\"https:\/\/www.mouthiers-sur-boeme.fr\/wp-content\/uploads\/2017\/03\/affiche-exposition-Bogolan-212x300.jpg 212w, https:\/\/www.mouthiers-sur-boeme.fr\/wp-content\/uploads\/2017\/03\/affiche-exposition-Bogolan-768x1086.jpg 768w, https:\/\/www.mouthiers-sur-boeme.fr\/wp-content\/uploads\/2017\/03\/affiche-exposition-Bogolan-724x1024.jpg 724w, https:\/\/www.mouthiers-sur-boeme.fr\/wp-content\/uploads\/2017\/03\/affiche-exposition-Bogolan.jpg 794w\" sizes=\"(max-width: 212px) 100vw, 212px\" \/><\/a><\/p>\n","protected":false},"excerpt":{"rendered":"<p>En mars, la m\u00e9diath\u00e8que vous propose : Conf\u00e9rence sur le Japon : vendredi 24 mars \u00e0 19 heures Exposition Bogolan : du 17 mars au 07 avril<\/p>\n","protected":false},"author":22,"featured_media":0,"comment_status":"open","ping_status":"open","sticky":false,"template":"","format":"standard","meta":[],"categories":[20],"tags":[],"_links":{"self":[{"href":"https:\/\/www.mouthiers-sur-boeme.fr\/index.php?rest_route=\/wp\/v2\/posts\/4549"}],"collection":[{"href":"https:\/\/www.mouthiers-sur-boeme.fr\/index.php?rest_route=\/wp\/v2\/posts"}],"about":[{"href":"https:\/\/www.mouthiers-sur-boeme.fr\/index.php?rest_route=\/wp\/v2\/types\/post"}],"author":[{"embeddable":true,"href":"https:\/\/www.mouthiers-sur-boeme.fr\/index.php?rest_route=\/wp\/v2\/users\/22"}],"replies":[{"embeddable":true,"href":"https:\/\/www.mouthiers-sur-boeme.fr\/index.php?rest_route=%2Fwp%2Fv2%2Fcomments&post=4549"}],"version-history":[{"count":3,"href":"https:\/\/www.mouthiers-sur-boeme.fr\/index.php?rest_route=\/wp\/v2\/posts\/4549\/revisions"}],"predecessor-version":[{"id":4574,"href":"https:\/\/www.mouthiers-sur-boeme.fr\/index.php?rest_route=\/wp\/v2\/posts\/4549\/revisions\/4574"}],"wp:attachment":[{"href":"https:\/\/www.mouthiers-sur-boeme.fr\/index.php?rest_route=%2Fwp%2Fv2%2Fmedia&parent=4549"}],"wp:term":[{"taxonomy":"category","embeddable":true,"href":"https:\/\/www.mouthiers-sur-boeme.fr\/index.php?rest_route=%2Fwp%2Fv2%2Fcategories&post=4549"},{"taxonomy":"post_tag","embeddable":true,"href":"https:\/\/www.mouthiers-sur-boeme.fr\/index.php?rest_route=%2Fwp%2Fv2%2Ftags&post=4549"}],"curies":[{"name":"wp","href":"https:\/\/api.w.org\/{rel}","templated":true}]}}