{"id":4555,"date":"2017-03-16T08:17:23","date_gmt":"2017-03-16T07:17:23","guid":{"rendered":"https:\/\/www.mouthiers-sur-boeme.fr\/?p=4555"},"modified":"2017-03-16T08:17:23","modified_gmt":"2017-03-16T07:17:23","slug":"5eme-troc-aux-plantes-place-du-champ-de-foire","status":"publish","type":"post","link":"https:\/\/www.mouthiers-sur-boeme.fr\/?p=4555","title":{"rendered":"5\u00e8me Troc aux Plantes &#8211; Place du Champ de foire"},"content":{"rendered":"<p>Le printemps est de retour. Samedi 8 avril de 9h30 \u00e0 13h00.<\/p>\n<p>Apportez et \u00e9changez vos plants, graines ou bulbes. Venez partagez vos exp\u00e9riences. Vous pourrez gl\u00e2ner des conseils sur le jardinage au naturel, sur le compostage. Vous apprendrez \u00e0 faire du purin. Vos papilles d\u00e9couvrirons des produits \u00e0 base d&rsquo;ortie.<\/p>\n<p>Distribution de broyat et de compost.\u00a0Distribution de composteurs.<\/p>\n<p>&nbsp;<\/p>\n<p>&nbsp;<\/p>\n","protected":false},"excerpt":{"rendered":"<p>Le printemps est de retour. Samedi 8 avril de 9h30 \u00e0 13h00. Apportez et \u00e9changez vos plants, graines ou bulbes. Venez partagez vos exp\u00e9riences. Vous pourrez gl\u00e2ner des conseils sur le jardinage au naturel, sur le compostage. Vous apprendrez \u00e0 faire du purin. Vos papilles d\u00e9couvrirons des produits \u00e0 base d&rsquo;ortie. Distribution de broyat et &hellip; <a href=\"https:\/\/www.mouthiers-sur-boeme.fr\/?p=4555\" class=\"more-link\">Continuer la lecture de <span class=\"screen-reader-text\">5\u00e8me Troc aux Plantes &#8211; Place du Champ de foire<\/span>  <span class=\"meta-nav\">&rarr;<\/span><\/a><\/p>\n","protected":false},"author":22,"featured_media":0,"comment_status":"open","ping_status":"open","sticky":false,"template":"","format":"standard","meta":[],"categories":[4],"tags":[],"_links":{"self":[{"href":"https:\/\/www.mouthiers-sur-boeme.fr\/index.php?rest_route=\/wp\/v2\/posts\/4555"}],"collection":[{"href":"https:\/\/www.mouthiers-sur-boeme.fr\/index.php?rest_route=\/wp\/v2\/posts"}],"about":[{"href":"https:\/\/www.mouthiers-sur-boeme.fr\/index.php?rest_route=\/wp\/v2\/types\/post"}],"author":[{"embeddable":true,"href":"https:\/\/www.mouthiers-sur-boeme.fr\/index.php?rest_route=\/wp\/v2\/users\/22"}],"replies":[{"embeddable":true,"href":"https:\/\/www.mouthiers-sur-boeme.fr\/index.php?rest_route=%2Fwp%2Fv2%2Fcomments&post=4555"}],"version-history":[{"count":1,"href":"https:\/\/www.mouthiers-sur-boeme.fr\/index.php?rest_route=\/wp\/v2\/posts\/4555\/revisions"}],"predecessor-version":[{"id":4556,"href":"https:\/\/www.mouthiers-sur-boeme.fr\/index.php?rest_route=\/wp\/v2\/posts\/4555\/revisions\/4556"}],"wp:attachment":[{"href":"https:\/\/www.mouthiers-sur-boeme.fr\/index.php?rest_route=%2Fwp%2Fv2%2Fmedia&parent=4555"}],"wp:term":[{"taxonomy":"category","embeddable":true,"href":"https:\/\/www.mouthiers-sur-boeme.fr\/index.php?rest_route=%2Fwp%2Fv2%2Fcategories&post=4555"},{"taxonomy":"post_tag","embeddable":true,"href":"https:\/\/www.mouthiers-sur-boeme.fr\/index.php?rest_route=%2Fwp%2Fv2%2Ftags&post=4555"}],"curies":[{"name":"wp","href":"https:\/\/api.w.org\/{rel}","templated":true}]}}