{"id":4575,"date":"2017-03-25T12:06:15","date_gmt":"2017-03-25T11:06:15","guid":{"rendered":"https:\/\/www.mouthiers-sur-boeme.fr\/?p=4575"},"modified":"2017-04-19T15:32:12","modified_gmt":"2017-04-19T14:32:12","slug":"cinema-13-avril-20h30-mjc","status":"publish","type":"post","link":"https:\/\/www.mouthiers-sur-boeme.fr\/?p=4575","title":{"rendered":"Cin\u00e9ma 13 avril 20h30 MJC"},"content":{"rendered":"<header>\n<h1 class=\"crayon article-titre-669 \">L\u2019Ascension<\/h1>\n<div class=\"chapo crayon article-chapo-669 clearfix\">\n<p style=\"text-align: left;\">De <strong>Ludovic Bernard <\/strong><br class=\"autobr\" \/> Avec <strong>Ahmed Sylla, Alice Bela\u00efdi, Kevin Razy <\/strong><br class=\"autobr\" \/> Genre <strong>Com\u00e9die <\/strong><br class=\"autobr\" \/> Nationalit\u00e9<strong> Fran\u00e7ais <\/strong><br class=\"autobr\" \/> Dur\u00e9e <strong>1h 43<\/strong><\/p>\n<p style=\"text-align: left;\"><a href=\"http:\/\/www.crcatb.fr\/films-cinema-charente-crcatb\/article\/l-ascension\" target=\"_blank\">BANDE ANNONCE<\/a><\/p>\n<p style=\"text-align: left;\"><a href=\"https:\/\/www.mouthiers-sur-boeme.fr\/wp-content\/uploads\/2017\/03\/ascension-grande.jpg\"><img loading=\"lazy\" class=\"alignnone size-medium wp-image-4592\" src=\"https:\/\/www.mouthiers-sur-boeme.fr\/wp-content\/uploads\/2017\/03\/ascension-grande-221x300.jpg\" alt=\"\" width=\"221\" height=\"300\" \/><\/a><\/p>\n<\/div>\n<\/header>\n<p><!--more--><\/p>\n<hr \/>\n<hr \/>\n<div class=\"crayon article-texte-669 clearfix\">\n<p>\u00ab\u00a0Pour toi, je pourrais gravir l\u2019Everest\u00a0!\u00a0\u00bb Samy aurait mieux fait de se taire ce jour-l\u00e0&#8230; D\u2019autant que Nadia ne croit pas beaucoup \u00e0 ses belles paroles. Et pourtant\u2026 Par amour pour elle, Samy quitte sa cit\u00e9 HLM et part gravir les mythiques 8848 m\u00e8tres qui font de l\u2019Everest le Toit du monde. Un d\u00e9part qui fait vibrer ses copains, puis tout le 9-3 et c\u2019est bient\u00f4t la France enti\u00e8re qui suit avec \u00e9motion les exploits de ce jeune mec ordinaire mais amoureux. A la cl\u00e9, un message d\u2019espoir\u00a0: \u00e0 chacun d\u2019inventer son avenir, puisque tout est possible.<\/p>\n<\/div>\n","protected":false},"excerpt":{"rendered":"<p>L\u2019Ascension De Ludovic Bernard Avec Ahmed Sylla, Alice Bela\u00efdi, Kevin Razy Genre Com\u00e9die Nationalit\u00e9 Fran\u00e7ais Dur\u00e9e 1h 43 BANDE ANNONCE<\/p>\n","protected":false},"author":22,"featured_media":0,"comment_status":"open","ping_status":"open","sticky":false,"template":"","format":"standard","meta":[],"categories":[65,71],"tags":[],"_links":{"self":[{"href":"https:\/\/www.mouthiers-sur-boeme.fr\/index.php?rest_route=\/wp\/v2\/posts\/4575"}],"collection":[{"href":"https:\/\/www.mouthiers-sur-boeme.fr\/index.php?rest_route=\/wp\/v2\/posts"}],"about":[{"href":"https:\/\/www.mouthiers-sur-boeme.fr\/index.php?rest_route=\/wp\/v2\/types\/post"}],"author":[{"embeddable":true,"href":"https:\/\/www.mouthiers-sur-boeme.fr\/index.php?rest_route=\/wp\/v2\/users\/22"}],"replies":[{"embeddable":true,"href":"https:\/\/www.mouthiers-sur-boeme.fr\/index.php?rest_route=%2Fwp%2Fv2%2Fcomments&post=4575"}],"version-history":[{"count":6,"href":"https:\/\/www.mouthiers-sur-boeme.fr\/index.php?rest_route=\/wp\/v2\/posts\/4575\/revisions"}],"predecessor-version":[{"id":4671,"href":"https:\/\/www.mouthiers-sur-boeme.fr\/index.php?rest_route=\/wp\/v2\/posts\/4575\/revisions\/4671"}],"wp:attachment":[{"href":"https:\/\/www.mouthiers-sur-boeme.fr\/index.php?rest_route=%2Fwp%2Fv2%2Fmedia&parent=4575"}],"wp:term":[{"taxonomy":"category","embeddable":true,"href":"https:\/\/www.mouthiers-sur-boeme.fr\/index.php?rest_route=%2Fwp%2Fv2%2Fcategories&post=4575"},{"taxonomy":"post_tag","embeddable":true,"href":"https:\/\/www.mouthiers-sur-boeme.fr\/index.php?rest_route=%2Fwp%2Fv2%2Ftags&post=4575"}],"curies":[{"name":"wp","href":"https:\/\/api.w.org\/{rel}","templated":true}]}}