{"id":4613,"date":"2017-04-19T15:56:42","date_gmt":"2017-04-19T14:56:42","guid":{"rendered":"https:\/\/www.mouthiers-sur-boeme.fr\/?p=4613"},"modified":"2017-04-19T15:56:42","modified_gmt":"2017-04-19T14:56:42","slug":"la-petite-maison-du-lin-a-la-mediatheque","status":"publish","type":"post","link":"https:\/\/www.mouthiers-sur-boeme.fr\/?p=4613","title":{"rendered":"La petite maison du lin \u00e0 la m\u00e9diath\u00e8que"},"content":{"rendered":"<p>La petite maison du lin de Ligni\u00e8res-Sonneville d\u00e9m\u00e9nage son atelier de tissage dans la m\u00e9diath\u00e8que. Venez d\u00e9couvrir l\u2019histoire de ce savoir faire charentais et d\u00e9couvrir cette technique autour de deux ateliers.<\/p>\n<p><strong>L&rsquo;inauguration aura lieu le vendredi 21 avril \u00e0 18h30.<\/strong><\/p>\n<p><a href=\"https:\/\/www.mouthiers-sur-boeme.fr\/wp-content\/uploads\/2017\/04\/affiche-lin.jpg\"><img loading=\"lazy\" class=\"alignnone size-full wp-image-4614\" src=\"https:\/\/www.mouthiers-sur-boeme.fr\/wp-content\/uploads\/2017\/04\/affiche-lin.jpg\" alt=\"\" width=\"794\" height=\"1123\" srcset=\"https:\/\/www.mouthiers-sur-boeme.fr\/wp-content\/uploads\/2017\/04\/affiche-lin.jpg 794w, https:\/\/www.mouthiers-sur-boeme.fr\/wp-content\/uploads\/2017\/04\/affiche-lin-212x300.jpg 212w, https:\/\/www.mouthiers-sur-boeme.fr\/wp-content\/uploads\/2017\/04\/affiche-lin-768x1086.jpg 768w, https:\/\/www.mouthiers-sur-boeme.fr\/wp-content\/uploads\/2017\/04\/affiche-lin-724x1024.jpg 724w\" sizes=\"(max-width: 794px) 100vw, 794px\" \/><\/a><\/p>\n<p>&nbsp;<\/p>\n","protected":false},"excerpt":{"rendered":"<p>La petite maison du lin de Ligni\u00e8res-Sonneville d\u00e9m\u00e9nage son atelier de tissage dans la m\u00e9diath\u00e8que. Venez d\u00e9couvrir l\u2019histoire de ce savoir faire charentais et d\u00e9couvrir cette technique autour de deux ateliers. L&rsquo;inauguration aura lieu le vendredi 21 avril \u00e0 18h30. &nbsp;<\/p>\n","protected":false},"author":22,"featured_media":0,"comment_status":"open","ping_status":"open","sticky":false,"template":"","format":"standard","meta":[],"categories":[20],"tags":[46],"_links":{"self":[{"href":"https:\/\/www.mouthiers-sur-boeme.fr\/index.php?rest_route=\/wp\/v2\/posts\/4613"}],"collection":[{"href":"https:\/\/www.mouthiers-sur-boeme.fr\/index.php?rest_route=\/wp\/v2\/posts"}],"about":[{"href":"https:\/\/www.mouthiers-sur-boeme.fr\/index.php?rest_route=\/wp\/v2\/types\/post"}],"author":[{"embeddable":true,"href":"https:\/\/www.mouthiers-sur-boeme.fr\/index.php?rest_route=\/wp\/v2\/users\/22"}],"replies":[{"embeddable":true,"href":"https:\/\/www.mouthiers-sur-boeme.fr\/index.php?rest_route=%2Fwp%2Fv2%2Fcomments&post=4613"}],"version-history":[{"count":3,"href":"https:\/\/www.mouthiers-sur-boeme.fr\/index.php?rest_route=\/wp\/v2\/posts\/4613\/revisions"}],"predecessor-version":[{"id":4617,"href":"https:\/\/www.mouthiers-sur-boeme.fr\/index.php?rest_route=\/wp\/v2\/posts\/4613\/revisions\/4617"}],"wp:attachment":[{"href":"https:\/\/www.mouthiers-sur-boeme.fr\/index.php?rest_route=%2Fwp%2Fv2%2Fmedia&parent=4613"}],"wp:term":[{"taxonomy":"category","embeddable":true,"href":"https:\/\/www.mouthiers-sur-boeme.fr\/index.php?rest_route=%2Fwp%2Fv2%2Fcategories&post=4613"},{"taxonomy":"post_tag","embeddable":true,"href":"https:\/\/www.mouthiers-sur-boeme.fr\/index.php?rest_route=%2Fwp%2Fv2%2Ftags&post=4613"}],"curies":[{"name":"wp","href":"https:\/\/api.w.org\/{rel}","templated":true}]}}