{"id":4662,"date":"2017-05-19T15:33:21","date_gmt":"2017-05-19T14:33:21","guid":{"rendered":"https:\/\/www.mouthiers-sur-boeme.fr\/?p=4662"},"modified":"2017-04-19T15:33:49","modified_gmt":"2017-04-19T14:33:49","slug":"litteratures-metisses-a-la-mediatheque-mercredi-31-mai-2017-20-heures","status":"publish","type":"post","link":"https:\/\/www.mouthiers-sur-boeme.fr\/?p=4662","title":{"rendered":"Litt\u00e9ratures m\u00e9tisses \u00e0 la m\u00e9diath\u00e8que mercredi 31 mai 2017 &#8211; 20 heures"},"content":{"rendered":"<p>Le printemps est de retour avec le retour de litt\u00e9ratures m\u00e9tisses. La m\u00e9diath\u00e8que accueillera le <strong>mercredi 31 mai \u00e0 20 heures Yara El Ghadban<\/strong> \u00e9crivain d&rsquo;origine palestinnienne n\u00e9e \u00e0 Duba\u00ef en 1976.\u00a0 Elle viendra vous pr\u00e9senter son dernier ouvrage \u00ab\u00a0Le parfum de Nour, M\u00e9moire d&rsquo;encrier, 2015\u00a0\u00bb.<\/p>\n<p>Cette action est men\u00e9e avec le SDL, Service D\u00e9partemental de la Lecture, Bernard Magnier Litt\u00e9ratures M\u00e9tisses.<\/p>\n<p>L&rsquo;ouvrage est \u00e0 la m\u00e9diath\u00e8que. Bonne lecture.<\/p>\n<p>&nbsp;<\/p>\n","protected":false},"excerpt":{"rendered":"<p>Le printemps est de retour avec le retour de litt\u00e9ratures m\u00e9tisses. La m\u00e9diath\u00e8que accueillera le mercredi 31 mai \u00e0 20 heures Yara El Ghadban \u00e9crivain d&rsquo;origine palestinnienne n\u00e9e \u00e0 Duba\u00ef en 1976.\u00a0 Elle viendra vous pr\u00e9senter son dernier ouvrage \u00ab\u00a0Le parfum de Nour, M\u00e9moire d&rsquo;encrier, 2015\u00a0\u00bb. Cette action est men\u00e9e avec le SDL, Service D\u00e9partemental &hellip; <a href=\"https:\/\/www.mouthiers-sur-boeme.fr\/?p=4662\" class=\"more-link\">Continuer la lecture de <span class=\"screen-reader-text\">Litt\u00e9ratures m\u00e9tisses \u00e0 la m\u00e9diath\u00e8que mercredi 31 mai 2017 &#8211; 20 heures<\/span>  <span class=\"meta-nav\">&rarr;<\/span><\/a><\/p>\n","protected":false},"author":22,"featured_media":0,"comment_status":"open","ping_status":"open","sticky":false,"template":"","format":"standard","meta":[],"categories":[1],"tags":[],"_links":{"self":[{"href":"https:\/\/www.mouthiers-sur-boeme.fr\/index.php?rest_route=\/wp\/v2\/posts\/4662"}],"collection":[{"href":"https:\/\/www.mouthiers-sur-boeme.fr\/index.php?rest_route=\/wp\/v2\/posts"}],"about":[{"href":"https:\/\/www.mouthiers-sur-boeme.fr\/index.php?rest_route=\/wp\/v2\/types\/post"}],"author":[{"embeddable":true,"href":"https:\/\/www.mouthiers-sur-boeme.fr\/index.php?rest_route=\/wp\/v2\/users\/22"}],"replies":[{"embeddable":true,"href":"https:\/\/www.mouthiers-sur-boeme.fr\/index.php?rest_route=%2Fwp%2Fv2%2Fcomments&post=4662"}],"version-history":[{"count":1,"href":"https:\/\/www.mouthiers-sur-boeme.fr\/index.php?rest_route=\/wp\/v2\/posts\/4662\/revisions"}],"predecessor-version":[{"id":4663,"href":"https:\/\/www.mouthiers-sur-boeme.fr\/index.php?rest_route=\/wp\/v2\/posts\/4662\/revisions\/4663"}],"wp:attachment":[{"href":"https:\/\/www.mouthiers-sur-boeme.fr\/index.php?rest_route=%2Fwp%2Fv2%2Fmedia&parent=4662"}],"wp:term":[{"taxonomy":"category","embeddable":true,"href":"https:\/\/www.mouthiers-sur-boeme.fr\/index.php?rest_route=%2Fwp%2Fv2%2Fcategories&post=4662"},{"taxonomy":"post_tag","embeddable":true,"href":"https:\/\/www.mouthiers-sur-boeme.fr\/index.php?rest_route=%2Fwp%2Fv2%2Ftags&post=4662"}],"curies":[{"name":"wp","href":"https:\/\/api.w.org\/{rel}","templated":true}]}}