{"id":4726,"date":"2017-05-14T07:42:34","date_gmt":"2017-05-14T06:42:34","guid":{"rendered":"https:\/\/www.mouthiers-sur-boeme.fr\/?p=4726"},"modified":"2017-06-20T15:02:50","modified_gmt":"2017-06-20T14:02:50","slug":"jeudi-11-mai-a-20h30-mjc","status":"publish","type":"post","link":"https:\/\/www.mouthiers-sur-boeme.fr\/?p=4726","title":{"rendered":"Jeudi 8 juin \u00e0 20h30. MJC LES MAUVAISES HERBES"},"content":{"rendered":"<header>\n<header>\n<h1 class=\"crayon article-titre-722 \">LES MAUVAISES HERBES<\/h1>\n<div class=\"chapo crayon article-chapo-722 clearfix\">\n<p>De <strong>Louis B\u00e9langer<\/strong> <br class=\"autobr\" \/> Avec <strong>Alexis Martin, Gilles Renaud, Emmanuelle Lussier-Martinez<\/strong> <br class=\"autobr\" \/> Genre <strong>Com\u00e9die<\/strong> <br class=\"autobr\" \/> Nationalit\u00e9 <strong>Qu\u00e9becois<\/strong> <br class=\"autobr\" \/> Dur\u00e9e <strong>1h 47 min<\/strong><\/p>\n<\/div>\n<\/header>\n<hr \/>\n<div class=\"crayon article-texte-722 clearfix\">\n<p>Jacques, com\u00e9dien de th\u00e9\u00e2tre, a accumul\u00e9 une lourde dette aupr\u00e8s de Patenaude, un mafieux de Montr\u00e9al. Poursuivi par ce dernier, il fuit pr\u00e9cipitamment les lieux et se retrouve, en plein hiver, sur les terres de Simon, un ermite un tantinet ill\u00e9gal qui cultive du cannabis dans sa grange<\/p>\n<\/div>\n<div class=\"chapo crayon article-chapo-683 clearfix\">\n<p><a href=\"http:\/\/www.crcatb.fr\/films-cinema-charente-crcatb\/article\/les-mauvaises-herbes-vo\" target=\"_blank\" rel=\"noopener noreferrer\">Bande annonce sur le site du CRCATB<\/a><\/p>\n<\/div>\n<p><a href=\"https:\/\/www.mouthiers-sur-boeme.fr\/wp-content\/uploads\/2017\/04\/arton722-14737.jpg\"><img loading=\"lazy\" class=\"alignnone size-medium wp-image-4762\" src=\"https:\/\/www.mouthiers-sur-boeme.fr\/wp-content\/uploads\/2017\/04\/arton722-14737-221x300.jpg\" alt=\"\" width=\"221\" height=\"300\" \/><\/a><\/p>\n<\/header>\n<hr \/>\n<div class=\"crayon article-texte-683 clearfix\">\n<p>&nbsp;<\/p>\n<p>&nbsp;<\/p>\n<\/div>\n","protected":false},"excerpt":{"rendered":"<p>LES MAUVAISES HERBES De Louis B\u00e9langer Avec Alexis Martin, Gilles Renaud, Emmanuelle Lussier-Martinez Genre Com\u00e9die Nationalit\u00e9 Qu\u00e9becois Dur\u00e9e 1h 47 min Jacques, com\u00e9dien de th\u00e9\u00e2tre, a accumul\u00e9 une lourde dette aupr\u00e8s de Patenaude, un mafieux de Montr\u00e9al. Poursuivi par ce dernier, il fuit pr\u00e9cipitamment les lieux et se retrouve, en plein hiver, sur les terres &hellip; <a href=\"https:\/\/www.mouthiers-sur-boeme.fr\/?p=4726\" class=\"more-link\">Continuer la lecture de <span class=\"screen-reader-text\">Jeudi 8 juin \u00e0 20h30. MJC LES MAUVAISES HERBES<\/span>  <span class=\"meta-nav\">&rarr;<\/span><\/a><\/p>\n","protected":false},"author":22,"featured_media":0,"comment_status":"open","ping_status":"open","sticky":false,"template":"","format":"standard","meta":[],"categories":[65,71],"tags":[],"_links":{"self":[{"href":"https:\/\/www.mouthiers-sur-boeme.fr\/index.php?rest_route=\/wp\/v2\/posts\/4726"}],"collection":[{"href":"https:\/\/www.mouthiers-sur-boeme.fr\/index.php?rest_route=\/wp\/v2\/posts"}],"about":[{"href":"https:\/\/www.mouthiers-sur-boeme.fr\/index.php?rest_route=\/wp\/v2\/types\/post"}],"author":[{"embeddable":true,"href":"https:\/\/www.mouthiers-sur-boeme.fr\/index.php?rest_route=\/wp\/v2\/users\/22"}],"replies":[{"embeddable":true,"href":"https:\/\/www.mouthiers-sur-boeme.fr\/index.php?rest_route=%2Fwp%2Fv2%2Fcomments&post=4726"}],"version-history":[{"count":4,"href":"https:\/\/www.mouthiers-sur-boeme.fr\/index.php?rest_route=\/wp\/v2\/posts\/4726\/revisions"}],"predecessor-version":[{"id":4763,"href":"https:\/\/www.mouthiers-sur-boeme.fr\/index.php?rest_route=\/wp\/v2\/posts\/4726\/revisions\/4763"}],"wp:attachment":[{"href":"https:\/\/www.mouthiers-sur-boeme.fr\/index.php?rest_route=%2Fwp%2Fv2%2Fmedia&parent=4726"}],"wp:term":[{"taxonomy":"category","embeddable":true,"href":"https:\/\/www.mouthiers-sur-boeme.fr\/index.php?rest_route=%2Fwp%2Fv2%2Fcategories&post=4726"},{"taxonomy":"post_tag","embeddable":true,"href":"https:\/\/www.mouthiers-sur-boeme.fr\/index.php?rest_route=%2Fwp%2Fv2%2Ftags&post=4726"}],"curies":[{"name":"wp","href":"https:\/\/api.w.org\/{rel}","templated":true}]}}