{"id":4772,"date":"2017-05-24T06:47:35","date_gmt":"2017-05-24T05:47:35","guid":{"rendered":"https:\/\/www.mouthiers-sur-boeme.fr\/?p=4772"},"modified":"2017-05-24T06:47:35","modified_gmt":"2017-05-24T05:47:35","slug":"mettez-les-voiles-avec-la-mediatheque-de-mouthiers-sur-boeme","status":"publish","type":"post","link":"https:\/\/www.mouthiers-sur-boeme.fr\/?p=4772","title":{"rendered":"Mettez les voiles avec la m\u00e9diath\u00e8que de Mouthiers-sur-Bo\u00ebme !"},"content":{"rendered":"<h3 style=\"text-align: center;\"><strong>EXPOSITION<\/strong><\/h3>\n<p>&nbsp;<\/p>\n<p><a href=\"https:\/\/www.mouthiers-sur-boeme.fr\/wp-content\/uploads\/2017\/05\/affiche-Cook.jpg\"><img loading=\"lazy\" class=\" wp-image-4767 alignleft\" src=\"https:\/\/www.mouthiers-sur-boeme.fr\/wp-content\/uploads\/2017\/05\/affiche-Cook.jpg\" alt=\"\" width=\"308\" height=\"435\" srcset=\"https:\/\/www.mouthiers-sur-boeme.fr\/wp-content\/uploads\/2017\/05\/affiche-Cook.jpg 794w, https:\/\/www.mouthiers-sur-boeme.fr\/wp-content\/uploads\/2017\/05\/affiche-Cook-212x300.jpg 212w, https:\/\/www.mouthiers-sur-boeme.fr\/wp-content\/uploads\/2017\/05\/affiche-Cook-768x1086.jpg 768w, https:\/\/www.mouthiers-sur-boeme.fr\/wp-content\/uploads\/2017\/05\/affiche-Cook-724x1024.jpg 724w\" sizes=\"(max-width: 308px) 100vw, 308px\" \/><\/a>Au travers d\u2019une collection de timbres \u00e9poustouflante, monsieur Roman, philat\u00e9liste sp\u00e9cialis\u00e9 en marine, nous embarque\u00a0!\u00a0 Suivez la navigation de ce premier grand explorateur scientifique qu\u2019est James Cook autour d&rsquo;une exposition du 30 mai au 16 juin \u00e0 la m\u00e9diath\u00e8que .<\/p>\n<h3><\/h3>\n<h3 style=\"text-align: center;\">CONF\u00c9RENCE<\/h3>\n<p>&nbsp;<\/p>\n<p>Partis d\u2019un petit royaume sans grandes ressources, de courageux marins portugais naviguent en une lente progression le long de c\u00f4tes inconnues, \u00e0 travers des dangers r\u00e9els ou imaginaires, sur des bateaux que leur ing\u00e9niosit\u00e9 am\u00e9liore sans cesse, pour finalement arriver \u00e0 cr\u00e9er un Empire mondial.<a href=\"https:\/\/www.mouthiers-sur-boeme.fr\/wp-content\/uploads\/2017\/05\/Conf\u00e9rence-portugais.jpg\"><img loading=\"lazy\" class=\"alignnone size-full wp-image-4766\" src=\"https:\/\/www.mouthiers-sur-boeme.fr\/wp-content\/uploads\/2017\/05\/Conf\u00e9rence-portugais.jpg\" alt=\"\" width=\"794\" height=\"1123\" srcset=\"https:\/\/www.mouthiers-sur-boeme.fr\/wp-content\/uploads\/2017\/05\/Conf\u00e9rence-portugais.jpg 794w, https:\/\/www.mouthiers-sur-boeme.fr\/wp-content\/uploads\/2017\/05\/Conf\u00e9rence-portugais-212x300.jpg 212w, https:\/\/www.mouthiers-sur-boeme.fr\/wp-content\/uploads\/2017\/05\/Conf\u00e9rence-portugais-768x1086.jpg 768w, https:\/\/www.mouthiers-sur-boeme.fr\/wp-content\/uploads\/2017\/05\/Conf\u00e9rence-portugais-724x1024.jpg 724w\" sizes=\"(max-width: 794px) 100vw, 794px\" \/><\/a><\/p>\n","protected":false},"excerpt":{"rendered":"<p>EXPOSITION &nbsp; Au travers d\u2019une collection de timbres \u00e9poustouflante, monsieur Roman, philat\u00e9liste sp\u00e9cialis\u00e9 en marine, nous embarque\u00a0!\u00a0 Suivez la navigation de ce premier grand explorateur scientifique qu\u2019est James Cook autour d&rsquo;une exposition du 30 mai au 16 juin \u00e0 la m\u00e9diath\u00e8que . CONF\u00c9RENCE &nbsp; Partis d\u2019un petit royaume sans grandes ressources, de courageux marins portugais &hellip; <a href=\"https:\/\/www.mouthiers-sur-boeme.fr\/?p=4772\" class=\"more-link\">Continuer la lecture de <span class=\"screen-reader-text\">Mettez les voiles avec la m\u00e9diath\u00e8que de Mouthiers-sur-Bo\u00ebme !<\/span>  <span class=\"meta-nav\">&rarr;<\/span><\/a><\/p>\n","protected":false},"author":22,"featured_media":0,"comment_status":"open","ping_status":"open","sticky":false,"template":"","format":"standard","meta":[],"categories":[20],"tags":[46],"_links":{"self":[{"href":"https:\/\/www.mouthiers-sur-boeme.fr\/index.php?rest_route=\/wp\/v2\/posts\/4772"}],"collection":[{"href":"https:\/\/www.mouthiers-sur-boeme.fr\/index.php?rest_route=\/wp\/v2\/posts"}],"about":[{"href":"https:\/\/www.mouthiers-sur-boeme.fr\/index.php?rest_route=\/wp\/v2\/types\/post"}],"author":[{"embeddable":true,"href":"https:\/\/www.mouthiers-sur-boeme.fr\/index.php?rest_route=\/wp\/v2\/users\/22"}],"replies":[{"embeddable":true,"href":"https:\/\/www.mouthiers-sur-boeme.fr\/index.php?rest_route=%2Fwp%2Fv2%2Fcomments&post=4772"}],"version-history":[{"count":5,"href":"https:\/\/www.mouthiers-sur-boeme.fr\/index.php?rest_route=\/wp\/v2\/posts\/4772\/revisions"}],"predecessor-version":[{"id":4780,"href":"https:\/\/www.mouthiers-sur-boeme.fr\/index.php?rest_route=\/wp\/v2\/posts\/4772\/revisions\/4780"}],"wp:attachment":[{"href":"https:\/\/www.mouthiers-sur-boeme.fr\/index.php?rest_route=%2Fwp%2Fv2%2Fmedia&parent=4772"}],"wp:term":[{"taxonomy":"category","embeddable":true,"href":"https:\/\/www.mouthiers-sur-boeme.fr\/index.php?rest_route=%2Fwp%2Fv2%2Fcategories&post=4772"},{"taxonomy":"post_tag","embeddable":true,"href":"https:\/\/www.mouthiers-sur-boeme.fr\/index.php?rest_route=%2Fwp%2Fv2%2Ftags&post=4772"}],"curies":[{"name":"wp","href":"https:\/\/api.w.org\/{rel}","templated":true}]}}