{"id":4799,"date":"2017-06-13T10:03:57","date_gmt":"2017-06-13T09:03:57","guid":{"rendered":"https:\/\/www.mouthiers-sur-boeme.fr\/?p=4799"},"modified":"2017-06-26T15:28:12","modified_gmt":"2017-06-26T14:28:12","slug":"fete-des-ecoles-vendredi-16-juin-2017","status":"publish","type":"post","link":"https:\/\/www.mouthiers-sur-boeme.fr\/?p=4799","title":{"rendered":"F\u00eate des Ecoles  Vendredi 16 juin 2017"},"content":{"rendered":"<p>Rendez-vous \u00e0 partir de 16h30 pour l&rsquo;exposition des travaux et projets concoct\u00e9s par les enfants sur l&rsquo;ann\u00e9e 2017.<\/p>\n<p>18h15 Inauguration du groupe scolaire \u00ab\u00a0Les Tilleuls\u00a0\u00bb suivi d&rsquo;un pot convivial pr\u00e9par\u00e9 par le personnel de la restauration scolaire<\/p>\n<p>L&rsquo;apr\u00e8s-midi se terminera par un bal organis\u00e9 par l&rsquo;association des parents d&rsquo;\u00e9l\u00e8ves salle Gilles Ploquin \u00e0 partir de 19 heures.<\/p>\n<p>&nbsp;<\/p>\n","protected":false},"excerpt":{"rendered":"<p>Rendez-vous \u00e0 partir de 16h30 pour l&rsquo;exposition des travaux et projets concoct\u00e9s par les enfants sur l&rsquo;ann\u00e9e 2017. 18h15 Inauguration du groupe scolaire \u00ab\u00a0Les Tilleuls\u00a0\u00bb suivi d&rsquo;un pot convivial pr\u00e9par\u00e9 par le personnel de la restauration scolaire L&rsquo;apr\u00e8s-midi se terminera par un bal organis\u00e9 par l&rsquo;association des parents d&rsquo;\u00e9l\u00e8ves salle Gilles Ploquin \u00e0 partir de &hellip; <a href=\"https:\/\/www.mouthiers-sur-boeme.fr\/?p=4799\" class=\"more-link\">Continuer la lecture de <span class=\"screen-reader-text\">F\u00eate des Ecoles  Vendredi 16 juin 2017<\/span>  <span class=\"meta-nav\">&rarr;<\/span><\/a><\/p>\n","protected":false},"author":22,"featured_media":0,"comment_status":"open","ping_status":"open","sticky":false,"template":"","format":"standard","meta":[],"categories":[31],"tags":[],"_links":{"self":[{"href":"https:\/\/www.mouthiers-sur-boeme.fr\/index.php?rest_route=\/wp\/v2\/posts\/4799"}],"collection":[{"href":"https:\/\/www.mouthiers-sur-boeme.fr\/index.php?rest_route=\/wp\/v2\/posts"}],"about":[{"href":"https:\/\/www.mouthiers-sur-boeme.fr\/index.php?rest_route=\/wp\/v2\/types\/post"}],"author":[{"embeddable":true,"href":"https:\/\/www.mouthiers-sur-boeme.fr\/index.php?rest_route=\/wp\/v2\/users\/22"}],"replies":[{"embeddable":true,"href":"https:\/\/www.mouthiers-sur-boeme.fr\/index.php?rest_route=%2Fwp%2Fv2%2Fcomments&post=4799"}],"version-history":[{"count":1,"href":"https:\/\/www.mouthiers-sur-boeme.fr\/index.php?rest_route=\/wp\/v2\/posts\/4799\/revisions"}],"predecessor-version":[{"id":4800,"href":"https:\/\/www.mouthiers-sur-boeme.fr\/index.php?rest_route=\/wp\/v2\/posts\/4799\/revisions\/4800"}],"wp:attachment":[{"href":"https:\/\/www.mouthiers-sur-boeme.fr\/index.php?rest_route=%2Fwp%2Fv2%2Fmedia&parent=4799"}],"wp:term":[{"taxonomy":"category","embeddable":true,"href":"https:\/\/www.mouthiers-sur-boeme.fr\/index.php?rest_route=%2Fwp%2Fv2%2Fcategories&post=4799"},{"taxonomy":"post_tag","embeddable":true,"href":"https:\/\/www.mouthiers-sur-boeme.fr\/index.php?rest_route=%2Fwp%2Fv2%2Ftags&post=4799"}],"curies":[{"name":"wp","href":"https:\/\/api.w.org\/{rel}","templated":true}]}}