{"id":4813,"date":"2017-07-06T07:30:34","date_gmt":"2017-07-06T06:30:34","guid":{"rendered":"https:\/\/www.mouthiers-sur-boeme.fr\/?p=4813"},"modified":"2017-07-17T13:57:27","modified_gmt":"2017-07-17T12:57:27","slug":"mardi-27-juin-balade-crepusculaire-20h30-salle-gilles-ploquin","status":"publish","type":"post","link":"https:\/\/www.mouthiers-sur-boeme.fr\/?p=4813","title":{"rendered":"Festival SHAM&rsquo;N&rsquo;CO \u00e0 partir de 15H00"},"content":{"rendered":"<p><a href=\"https:\/\/www.mouthiers-sur-boeme.fr\/wp-content\/uploads\/2017\/06\/shamnco.jpeg\"><img loading=\"lazy\" class=\"alignnone size-medium wp-image-4829\" src=\"https:\/\/www.mouthiers-sur-boeme.fr\/wp-content\/uploads\/2017\/06\/shamnco-213x300.jpeg\" alt=\"\" width=\"213\" height=\"300\" srcset=\"https:\/\/www.mouthiers-sur-boeme.fr\/wp-content\/uploads\/2017\/06\/shamnco-213x300.jpeg 213w, https:\/\/www.mouthiers-sur-boeme.fr\/wp-content\/uploads\/2017\/06\/shamnco-768x1083.jpeg 768w, https:\/\/www.mouthiers-sur-boeme.fr\/wp-content\/uploads\/2017\/06\/shamnco-726x1024.jpeg 726w, https:\/\/www.mouthiers-sur-boeme.fr\/wp-content\/uploads\/2017\/06\/shamnco.jpeg 1240w\" sizes=\"(max-width: 213px) 100vw, 213px\" \/><img src=\"https:\/\/mail.mouthiers-sur-boeme.fr\/service\/home\/%7E\/?auth=co&amp;id=12648&amp;part=2.2\" alt=\"\" \/><\/a><\/p>\n<div class=\"moz-forward-container\">\n<div id=\"divtagdefaultwrapper\" dir=\"ltr\">\n<div>\n<div>\n<div class=\"moz-forward-container\">\n<div class=\"moz-forward-container\">\n<div class=\"moz-forward-container\">\n<div class=\"moz-forward-container\">\n<div class=\"moz-forward-container\">\n<div class=\"moz-forward-container\">\n<p align=\"center\"><span style=\"font-family: Cabin,sans-serif;\"><span style=\"font-size: medium;\">Bonjour \u00e0 tous,<\/span><\/span><\/p>\n<p align=\"center\"><span style=\"font-family: Cabin,sans-serif;\"><span style=\"font-size: medium;\">Nous sommes les jeunes de la <b>Junior Association Shamrock<\/b>. Comme ces deux derni\u00e8res ann\u00e9es, nous organisons Sham&amp;Co\u00a0: le festival des jeunes engag\u00e9s. <\/span><\/span><\/p>\n<p align=\"center\"><span style=\"font-family: Cabin,sans-serif;\"><span style=\"font-size: medium;\">Il vise \u00e0 promouvoir et pr\u00e9server le tissu associatif jeunes.<\/span><\/span> <span style=\"font-family: Cabin,sans-serif;\"><span style=\"font-size: medium;\">Ce festival est pr\u00e9vu le <span id=\"OBJ_PREFIX_DWT68_com_zimbra_date\" class=\"Object\">samedi<\/span> 8 juillet, \u00e0 Mouthiers -sur-Bo\u00ebme:<\/span><\/span><\/p>\n<p align=\"center\"><span style=\"font-family: Cabin,sans-serif;\"><span style=\"font-size: medium;\"><span style=\"font-family: Cabin,sans-serif;\">Derri\u00e8res l&rsquo;\u00e9glise<span style=\"font-family: Cabin,sans-serif;\"> ou en cas de pluie \u00e0 la salle Gilles<span style=\"font-family: Cabin,sans-serif;\"> P<span style=\"font-family: Cabin,sans-serif;\">l<\/span>oquin<\/span><\/span> <\/span><br \/>\n<\/span><\/span><\/p>\n<p align=\"center\"><span style=\"font-family: Cabin,sans-serif;\"><span style=\"font-size: medium;\">Nous vous proposons \u00e0 partir de 15 h, une apr\u00e8s-midi avec des jeux en bois anim\u00e9 par l&rsquo;ah toupie une ludoth\u00e8que ambulante, un atelier de graff avec Gnafu, un atelier engagement et un coin d\u00e9tente et lecture-atelier cr\u00e9atif engagement avec m\u00e9diath\u00e8que.<\/span><\/span><\/p>\n<p align=\"center\"><span style=\"font-family: Cabin,sans-serif;\"><span style=\"font-size: medium;\">Et \u00e0 partir de 17h, la partie concert commence pour accueillir nos 7 groupes.<\/span><\/span><\/p>\n<p align=\"center\"><span style=\"font-family: Cabin,sans-serif;\"><span style=\"font-size: medium;\">Les enfants, parents, grands-parents, cousins, cousines m\u00eame \u00e9loign\u00e9es tonton et tata seront les bienvenus!!!<\/span><\/span><\/p>\n<\/div>\n<\/div>\n<\/div>\n<\/div>\n<\/div>\n<\/div>\n<\/div>\n<\/div>\n<\/div>\n<\/div>\n","protected":false},"excerpt":{"rendered":"<p>Bonjour \u00e0 tous, Nous sommes les jeunes de la Junior Association Shamrock. Comme ces deux derni\u00e8res ann\u00e9es, nous organisons Sham&amp;Co\u00a0: le festival des jeunes engag\u00e9s. Il vise \u00e0 promouvoir et pr\u00e9server le tissu associatif jeunes. Ce festival est pr\u00e9vu le samedi 8 juillet, \u00e0 Mouthiers -sur-Bo\u00ebme: Derri\u00e8res l&rsquo;\u00e9glise ou en cas de pluie \u00e0 la &hellip; <a href=\"https:\/\/www.mouthiers-sur-boeme.fr\/?p=4813\" class=\"more-link\">Continuer la lecture de <span class=\"screen-reader-text\">Festival SHAM&rsquo;N&rsquo;CO \u00e0 partir de 15H00<\/span>  <span class=\"meta-nav\">&rarr;<\/span><\/a><\/p>\n","protected":false},"author":22,"featured_media":0,"comment_status":"open","ping_status":"open","sticky":false,"template":"","format":"standard","meta":[],"categories":[19,74],"tags":[],"_links":{"self":[{"href":"https:\/\/www.mouthiers-sur-boeme.fr\/index.php?rest_route=\/wp\/v2\/posts\/4813"}],"collection":[{"href":"https:\/\/www.mouthiers-sur-boeme.fr\/index.php?rest_route=\/wp\/v2\/posts"}],"about":[{"href":"https:\/\/www.mouthiers-sur-boeme.fr\/index.php?rest_route=\/wp\/v2\/types\/post"}],"author":[{"embeddable":true,"href":"https:\/\/www.mouthiers-sur-boeme.fr\/index.php?rest_route=\/wp\/v2\/users\/22"}],"replies":[{"embeddable":true,"href":"https:\/\/www.mouthiers-sur-boeme.fr\/index.php?rest_route=%2Fwp%2Fv2%2Fcomments&post=4813"}],"version-history":[{"count":6,"href":"https:\/\/www.mouthiers-sur-boeme.fr\/index.php?rest_route=\/wp\/v2\/posts\/4813\/revisions"}],"predecessor-version":[{"id":4832,"href":"https:\/\/www.mouthiers-sur-boeme.fr\/index.php?rest_route=\/wp\/v2\/posts\/4813\/revisions\/4832"}],"wp:attachment":[{"href":"https:\/\/www.mouthiers-sur-boeme.fr\/index.php?rest_route=%2Fwp%2Fv2%2Fmedia&parent=4813"}],"wp:term":[{"taxonomy":"category","embeddable":true,"href":"https:\/\/www.mouthiers-sur-boeme.fr\/index.php?rest_route=%2Fwp%2Fv2%2Fcategories&post=4813"},{"taxonomy":"post_tag","embeddable":true,"href":"https:\/\/www.mouthiers-sur-boeme.fr\/index.php?rest_route=%2Fwp%2Fv2%2Ftags&post=4813"}],"curies":[{"name":"wp","href":"https:\/\/api.w.org\/{rel}","templated":true}]}}