{"id":4842,"date":"2017-07-17T13:56:47","date_gmt":"2017-07-17T12:56:47","guid":{"rendered":"https:\/\/www.mouthiers-sur-boeme.fr\/?p=4842"},"modified":"2017-07-17T13:56:47","modified_gmt":"2017-07-17T12:56:47","slug":"au-sondu-reggae-festival-2eme-edition","status":"publish","type":"post","link":"https:\/\/www.mouthiers-sur-boeme.fr\/?p=4842","title":{"rendered":"Au SONdu REGGAE Festival &#8211; 2\u00e8me \u00e9dition"},"content":{"rendered":"<p><a href=\"https:\/\/www.mouthiers-sur-boeme.fr\/wp-content\/uploads\/2017\/07\/Affiche-AU-SON-DU-REGGAE.jpg\"><img loading=\"lazy\" class=\"aligncenter size-medium wp-image-4857\" src=\"https:\/\/www.mouthiers-sur-boeme.fr\/wp-content\/uploads\/2017\/07\/Affiche-AU-SON-DU-REGGAE-214x300.jpg\" alt=\"\" width=\"214\" height=\"300\" srcset=\"https:\/\/www.mouthiers-sur-boeme.fr\/wp-content\/uploads\/2017\/07\/Affiche-AU-SON-DU-REGGAE-214x300.jpg 214w, https:\/\/www.mouthiers-sur-boeme.fr\/wp-content\/uploads\/2017\/07\/Affiche-AU-SON-DU-REGGAE-768x1076.jpg 768w, https:\/\/www.mouthiers-sur-boeme.fr\/wp-content\/uploads\/2017\/07\/Affiche-AU-SON-DU-REGGAE-731x1024.jpg 731w\" sizes=\"(max-width: 214px) 100vw, 214px\" \/><\/a>Rendez-vous le samedi 16 septembre 2017 pour la deuxi\u00e8me \u00e9dition : Au SON du REGGAE.<\/p>\n<p>Toujours derri\u00e8re l&rsquo;\u00e9glise. Venez nombreux. Encore et toujours des surprises&#8230;<\/p>\n","protected":false},"excerpt":{"rendered":"<p>Rendez-vous le samedi 16 septembre 2017 pour la deuxi\u00e8me \u00e9dition : Au SON du REGGAE. Toujours derri\u00e8re l&rsquo;\u00e9glise. Venez nombreux. Encore et toujours des surprises&#8230;<\/p>\n","protected":false},"author":22,"featured_media":0,"comment_status":"open","ping_status":"open","sticky":false,"template":"","format":"standard","meta":[],"categories":[74],"tags":[],"_links":{"self":[{"href":"https:\/\/www.mouthiers-sur-boeme.fr\/index.php?rest_route=\/wp\/v2\/posts\/4842"}],"collection":[{"href":"https:\/\/www.mouthiers-sur-boeme.fr\/index.php?rest_route=\/wp\/v2\/posts"}],"about":[{"href":"https:\/\/www.mouthiers-sur-boeme.fr\/index.php?rest_route=\/wp\/v2\/types\/post"}],"author":[{"embeddable":true,"href":"https:\/\/www.mouthiers-sur-boeme.fr\/index.php?rest_route=\/wp\/v2\/users\/22"}],"replies":[{"embeddable":true,"href":"https:\/\/www.mouthiers-sur-boeme.fr\/index.php?rest_route=%2Fwp%2Fv2%2Fcomments&post=4842"}],"version-history":[{"count":2,"href":"https:\/\/www.mouthiers-sur-boeme.fr\/index.php?rest_route=\/wp\/v2\/posts\/4842\/revisions"}],"predecessor-version":[{"id":4858,"href":"https:\/\/www.mouthiers-sur-boeme.fr\/index.php?rest_route=\/wp\/v2\/posts\/4842\/revisions\/4858"}],"wp:attachment":[{"href":"https:\/\/www.mouthiers-sur-boeme.fr\/index.php?rest_route=%2Fwp%2Fv2%2Fmedia&parent=4842"}],"wp:term":[{"taxonomy":"category","embeddable":true,"href":"https:\/\/www.mouthiers-sur-boeme.fr\/index.php?rest_route=%2Fwp%2Fv2%2Fcategories&post=4842"},{"taxonomy":"post_tag","embeddable":true,"href":"https:\/\/www.mouthiers-sur-boeme.fr\/index.php?rest_route=%2Fwp%2Fv2%2Ftags&post=4842"}],"curies":[{"name":"wp","href":"https:\/\/api.w.org\/{rel}","templated":true}]}}