{"id":4844,"date":"2017-07-17T14:01:42","date_gmt":"2017-07-17T13:01:42","guid":{"rendered":"https:\/\/www.mouthiers-sur-boeme.fr\/?p=4844"},"modified":"2017-09-23T08:47:52","modified_gmt":"2017-09-23T07:47:52","slug":"2eme-forum-des-associations","status":"publish","type":"post","link":"https:\/\/www.mouthiers-sur-boeme.fr\/?p=4844","title":{"rendered":"2\u00e8me FORUM DES ASSOCIATIONS"},"content":{"rendered":"<p><a href=\"https:\/\/www.mouthiers-sur-boeme.fr\/wp-content\/uploads\/2017\/07\/Forum-des-associations-2017-bd.jpg\"><img loading=\"lazy\" class=\"aligncenter size-medium wp-image-4864\" src=\"https:\/\/www.mouthiers-sur-boeme.fr\/wp-content\/uploads\/2017\/07\/Forum-des-associations-2017-bd-212x300.jpg\" alt=\"\" width=\"212\" height=\"300\" srcset=\"https:\/\/www.mouthiers-sur-boeme.fr\/wp-content\/uploads\/2017\/07\/Forum-des-associations-2017-bd-212x300.jpg 212w, https:\/\/www.mouthiers-sur-boeme.fr\/wp-content\/uploads\/2017\/07\/Forum-des-associations-2017-bd-768x1086.jpg 768w, https:\/\/www.mouthiers-sur-boeme.fr\/wp-content\/uploads\/2017\/07\/Forum-des-associations-2017-bd-724x1024.jpg 724w\" sizes=\"(max-width: 212px) 100vw, 212px\" \/><\/a>SAMEDI 9 SEPTEMBRE<\/p>\n<p>Rendez-vous pour la deuxi\u00e8me \u00e9dition, du Forum des Associations<\/p>\n<p>Salle Gilles Ploquin de 10h \u00e0 16h. Les associations sportives, culturelles, MJC &#8230;. de Mouthiers seront pr\u00e9sentes.<\/p>\n<p>Vous pourrez avoir tous les renseignements que vous souhaitez, vous pourrez faire vos inscriptions pour l&rsquo;ann\u00e9e 2017-2018<\/p>\n","protected":false},"excerpt":{"rendered":"<p>SAMEDI 9 SEPTEMBRE Rendez-vous pour la deuxi\u00e8me \u00e9dition, du Forum des Associations Salle Gilles Ploquin de 10h \u00e0 16h. Les associations sportives, culturelles, MJC &#8230;. de Mouthiers seront pr\u00e9sentes. Vous pourrez avoir tous les renseignements que vous souhaitez, vous pourrez faire vos inscriptions pour l&rsquo;ann\u00e9e 2017-2018<\/p>\n","protected":false},"author":22,"featured_media":0,"comment_status":"open","ping_status":"open","sticky":false,"template":"","format":"standard","meta":[],"categories":[12],"tags":[],"_links":{"self":[{"href":"https:\/\/www.mouthiers-sur-boeme.fr\/index.php?rest_route=\/wp\/v2\/posts\/4844"}],"collection":[{"href":"https:\/\/www.mouthiers-sur-boeme.fr\/index.php?rest_route=\/wp\/v2\/posts"}],"about":[{"href":"https:\/\/www.mouthiers-sur-boeme.fr\/index.php?rest_route=\/wp\/v2\/types\/post"}],"author":[{"embeddable":true,"href":"https:\/\/www.mouthiers-sur-boeme.fr\/index.php?rest_route=\/wp\/v2\/users\/22"}],"replies":[{"embeddable":true,"href":"https:\/\/www.mouthiers-sur-boeme.fr\/index.php?rest_route=%2Fwp%2Fv2%2Fcomments&post=4844"}],"version-history":[{"count":4,"href":"https:\/\/www.mouthiers-sur-boeme.fr\/index.php?rest_route=\/wp\/v2\/posts\/4844\/revisions"}],"predecessor-version":[{"id":4866,"href":"https:\/\/www.mouthiers-sur-boeme.fr\/index.php?rest_route=\/wp\/v2\/posts\/4844\/revisions\/4866"}],"wp:attachment":[{"href":"https:\/\/www.mouthiers-sur-boeme.fr\/index.php?rest_route=%2Fwp%2Fv2%2Fmedia&parent=4844"}],"wp:term":[{"taxonomy":"category","embeddable":true,"href":"https:\/\/www.mouthiers-sur-boeme.fr\/index.php?rest_route=%2Fwp%2Fv2%2Fcategories&post=4844"},{"taxonomy":"post_tag","embeddable":true,"href":"https:\/\/www.mouthiers-sur-boeme.fr\/index.php?rest_route=%2Fwp%2Fv2%2Ftags&post=4844"}],"curies":[{"name":"wp","href":"https:\/\/api.w.org\/{rel}","templated":true}]}}