{"id":4872,"date":"2017-09-27T12:55:28","date_gmt":"2017-09-27T11:55:28","guid":{"rendered":"https:\/\/www.mouthiers-sur-boeme.fr\/?p=4872"},"modified":"2017-09-27T15:36:18","modified_gmt":"2017-09-27T14:36:18","slug":"samedi-30-au-fil-du-conte","status":"publish","type":"post","link":"https:\/\/www.mouthiers-sur-boeme.fr\/?p=4872","title":{"rendered":"Samedi 30 &#8211; Au fil du conte"},"content":{"rendered":"<p>SAMEDI 30 SEPTEMBRE 20H30 &#8211; MJC<\/p>\n<p><a href=\"https:\/\/www.mouthiers-sur-boeme.fr\/wp-content\/uploads\/2017\/09\/Au-fil-du-Conte.jpg\"><img loading=\"lazy\" class=\"aligncenter size-medium wp-image-4906\" src=\"https:\/\/www.mouthiers-sur-boeme.fr\/wp-content\/uploads\/2017\/09\/Au-fil-du-Conte-300x205.jpg\" alt=\"\" width=\"300\" height=\"205\" srcset=\"https:\/\/www.mouthiers-sur-boeme.fr\/wp-content\/uploads\/2017\/09\/Au-fil-du-Conte-300x205.jpg 300w, https:\/\/www.mouthiers-sur-boeme.fr\/wp-content\/uploads\/2017\/09\/Au-fil-du-Conte.jpg 620w\" sizes=\"(max-width: 300px) 100vw, 300px\" \/><\/a>Le festival \u00ab\u00a0Au fil du conte\u00a0\u00bb se d\u00e9roule du 29 septembre au 8 octobre.<\/p>\n<p>&nbsp;<\/p>\n<p><u><span style=\"font-size: medium;\">\u00ab\u00a0Histoires et contes du Japon\u00a0\u00bb par Pascal MITSURU-GUERAN<\/span><\/u><\/p>\n<p><span style=\"font-size: medium;\"><span id=\"OBJ_PREFIX_DWT60_com_zimbra_date\" class=\"Object\">Samedi<\/span> 30 septembre \u00e0 20h30 \u00e0 la MJC Jules Berry de Mouthiers-sur-Bo\u00ebme<\/span><\/p>\n<p>Gratuit &#8211; \u00e0 partir de 6 ans<\/p>\n<p>Au Japon, on racontait dans les campagne d&rsquo;autrefois, des histoires pleines de myst\u00e8res. On y voyait surgir des animaux qui, par leurs comportements, ressemblaient \u00e9trangement aux hommes. On les d\u00e9couvrait malins, m\u00e9chants, voleurs et aussi serviables et tendres &#8230;<\/p>\n<p>Tout public \u00e0 partir de 6 ans &#8211; Gratuit.<\/p>\n<p>Tout le programme <a href=\"https:\/\/fr.calameo.com\/accounts\/4435706\" target=\"_blank\" rel=\"noopener noreferrer\">ICI<\/a><\/p>\n","protected":false},"excerpt":{"rendered":"<p>SAMEDI 30 SEPTEMBRE 20H30 &#8211; MJC Le festival \u00ab\u00a0Au fil du conte\u00a0\u00bb se d\u00e9roule du 29 septembre au 8 octobre. &nbsp; \u00ab\u00a0Histoires et contes du Japon\u00a0\u00bb par Pascal MITSURU-GUERAN Samedi 30 septembre \u00e0 20h30 \u00e0 la MJC Jules Berry de Mouthiers-sur-Bo\u00ebme Gratuit &#8211; \u00e0 partir de 6 ans Au Japon, on racontait dans les campagne &hellip; <a href=\"https:\/\/www.mouthiers-sur-boeme.fr\/?p=4872\" class=\"more-link\">Continuer la lecture de <span class=\"screen-reader-text\">Samedi 30 &#8211; Au fil du conte<\/span>  <span class=\"meta-nav\">&rarr;<\/span><\/a><\/p>\n","protected":false},"author":22,"featured_media":0,"comment_status":"open","ping_status":"open","sticky":false,"template":"","format":"standard","meta":[],"categories":[20],"tags":[],"_links":{"self":[{"href":"https:\/\/www.mouthiers-sur-boeme.fr\/index.php?rest_route=\/wp\/v2\/posts\/4872"}],"collection":[{"href":"https:\/\/www.mouthiers-sur-boeme.fr\/index.php?rest_route=\/wp\/v2\/posts"}],"about":[{"href":"https:\/\/www.mouthiers-sur-boeme.fr\/index.php?rest_route=\/wp\/v2\/types\/post"}],"author":[{"embeddable":true,"href":"https:\/\/www.mouthiers-sur-boeme.fr\/index.php?rest_route=\/wp\/v2\/users\/22"}],"replies":[{"embeddable":true,"href":"https:\/\/www.mouthiers-sur-boeme.fr\/index.php?rest_route=%2Fwp%2Fv2%2Fcomments&post=4872"}],"version-history":[{"count":6,"href":"https:\/\/www.mouthiers-sur-boeme.fr\/index.php?rest_route=\/wp\/v2\/posts\/4872\/revisions"}],"predecessor-version":[{"id":4917,"href":"https:\/\/www.mouthiers-sur-boeme.fr\/index.php?rest_route=\/wp\/v2\/posts\/4872\/revisions\/4917"}],"wp:attachment":[{"href":"https:\/\/www.mouthiers-sur-boeme.fr\/index.php?rest_route=%2Fwp%2Fv2%2Fmedia&parent=4872"}],"wp:term":[{"taxonomy":"category","embeddable":true,"href":"https:\/\/www.mouthiers-sur-boeme.fr\/index.php?rest_route=%2Fwp%2Fv2%2Fcategories&post=4872"},{"taxonomy":"post_tag","embeddable":true,"href":"https:\/\/www.mouthiers-sur-boeme.fr\/index.php?rest_route=%2Fwp%2Fv2%2Ftags&post=4872"}],"curies":[{"name":"wp","href":"https:\/\/api.w.org\/{rel}","templated":true}]}}