{"id":4878,"date":"2017-09-21T08:46:08","date_gmt":"2017-09-21T07:46:08","guid":{"rendered":"https:\/\/www.mouthiers-sur-boeme.fr\/?p=4878"},"modified":"2017-09-27T13:03:55","modified_gmt":"2017-09-27T12:03:55","slug":"cinema-20h30-mjc","status":"publish","type":"post","link":"https:\/\/www.mouthiers-sur-boeme.fr\/?p=4878","title":{"rendered":"CINEMA &#8211; 21 septembre 20h30 MJC"},"content":{"rendered":"<h6><strong>JEUDI 21 SEPTEMBRE :<\/strong><\/h6>\n<h2><strong>Marie-Francine.<\/strong><\/h2>\n<header>\n<h1 class=\"crayon article-titre-799 \">\u00a0<a href=\"https:\/\/www.mouthiers-sur-boeme.fr\/wp-content\/uploads\/2017\/09\/arton799-bad7d.jpg\"><img loading=\"lazy\" class=\"alignnone size-medium wp-image-4885\" src=\"https:\/\/www.mouthiers-sur-boeme.fr\/wp-content\/uploads\/2017\/09\/arton799-bad7d-221x300.jpg\" alt=\"\" width=\"221\" height=\"300\" \/><\/a><\/h1>\n<h3><strong>Marie-Francine.<\/strong><\/h3>\n<div class=\"chapo crayon article-chapo-799 clearfix\">\n<p>De <strong>Val\u00e9rie Lemercier<\/strong><br class=\"autobr\" \/> Avec <strong>Val\u00e9rie Lemercier, Patrick Timsit, H\u00e9l\u00e8ne Vincent<\/strong> <br class=\"autobr\" \/> Genre<strong> Com\u00e9die<\/strong><br class=\"autobr\" \/> Nationalit\u00e9<strong> fran\u00e7ais<\/strong> <br class=\"autobr\" \/> Dur\u00e9e <strong>1h 35min<\/strong><\/p>\n<\/div>\n<\/header>\n<hr \/>\n<div class=\"crayon article-texte-799 clearfix\">\n<p>Trop vieille pour son mari, de trop dans son boulot, Marie-Francine doit retourner vivre chez ses parents&#8230; &#8230; \u00e0 50 ans\u00a0! Infantilis\u00e9e par eux, c\u2019est pourtant dans la petite boutique de cigarettes \u00e9lectroniques qu\u2019ils vont lui faire tenir, qu\u2019elle va enfin rencontrer Miguel. Miguel, sans oser le lui avouer, est exactement dans la m\u00eame situation qu\u2019elle. Comment vont faire ces deux-l\u00e0 pour abriter leur nouvel amour sans maison, l\u00e0 est la question&#8230;<\/p>\n<\/div>\n<p>&nbsp;<\/p>\n<p><strong>JEUDI 05 OCTOBRE :<\/strong><\/p>\n<header>\n<h1 class=\"crayon article-titre-821 \">De plus belle<\/h1>\n<div class=\"chapo crayon article-chapo-821 clearfix\">\n<p><a href=\"https:\/\/www.mouthiers-sur-boeme.fr\/wp-content\/uploads\/2017\/09\/deplusbelle.jpg\"><img loading=\"lazy\" class=\"alignnone size-medium wp-image-4888\" src=\"https:\/\/www.mouthiers-sur-boeme.fr\/wp-content\/uploads\/2017\/09\/deplusbelle-225x300.jpg\" alt=\"\" width=\"225\" height=\"300\" \/><\/a><\/p>\n<p>De <strong>Anne-Ga\u00eblle Daval<\/strong><br class=\"autobr\" \/> Avec <strong>Florence Foresti, Mathieu Kassovitz, Nicole Garcia <\/strong><br class=\"autobr\" \/> Genre <strong>Com\u00e9die dramatique<\/strong><br class=\"autobr\" \/> Nationalit\u00e9 <strong>fran\u00e7ais<\/strong><br class=\"autobr\" \/> Dur\u00e9e <strong>1h 38<\/strong><\/p>\n<\/div>\n<\/header>\n<hr \/>\n<div class=\"crayon article-texte-821 clearfix\">\n<p>Lucie est gu\u00e9rie, sa maladie est presque un lointain souvenir. Sa famille la pousse \u00e0 aller de l\u2019avant, vivre, voir du monde\u2026<br class=\"autobr\" \/> C\u2019est ainsi qu\u2019elle fait la connaissance de Clovis, charmant\u2026 charmeur\u2026 et terriblement arrogant. Intrigu\u00e9 par sa franchise et sa r\u00e9partie, Clovis va tout faire pour s\u00e9duire Lucie, qui n\u2019a pourtant aucune envie de se laisser faire.<br class=\"autobr\" \/> Au contact de Dalila, prof de danse haute en couleur, Lucie va r\u00e9apprendre \u00e0 aimer, \u00e0 s\u2019aimer, pour devenir enfin la femme qu\u2019elle n\u2019a jamais su \u00eatre. Pour sa m\u00e8re, pour sa fille, pour Clovis\u2026<\/p>\n<\/div>\n<p>TARIF : NORMAL 4, 00 euros &#8211;\u00a0\u00a0\u00a0\u00a0\u00a0\u00a0\u00a0\u00a0\u00a0\u00a0\u00a0 TARIF REDUIT : 3.00 euros<\/p>\n","protected":false},"excerpt":{"rendered":"<p>JEUDI 21 SEPTEMBRE : Marie-Francine. \u00a0 Marie-Francine. De Val\u00e9rie Lemercier Avec Val\u00e9rie Lemercier, Patrick Timsit, H\u00e9l\u00e8ne Vincent Genre Com\u00e9die Nationalit\u00e9 fran\u00e7ais Dur\u00e9e 1h 35min Trop vieille pour son mari, de trop dans son boulot, Marie-Francine doit retourner vivre chez ses parents&#8230; &#8230; \u00e0 50 ans\u00a0! Infantilis\u00e9e par eux, c\u2019est pourtant dans la petite boutique de &hellip; <a href=\"https:\/\/www.mouthiers-sur-boeme.fr\/?p=4878\" class=\"more-link\">Continuer la lecture de <span class=\"screen-reader-text\">CINEMA &#8211; 21 septembre 20h30 MJC<\/span>  <span class=\"meta-nav\">&rarr;<\/span><\/a><\/p>\n","protected":false},"author":22,"featured_media":0,"comment_status":"open","ping_status":"open","sticky":false,"template":"","format":"standard","meta":[],"categories":[65,71],"tags":[],"_links":{"self":[{"href":"https:\/\/www.mouthiers-sur-boeme.fr\/index.php?rest_route=\/wp\/v2\/posts\/4878"}],"collection":[{"href":"https:\/\/www.mouthiers-sur-boeme.fr\/index.php?rest_route=\/wp\/v2\/posts"}],"about":[{"href":"https:\/\/www.mouthiers-sur-boeme.fr\/index.php?rest_route=\/wp\/v2\/types\/post"}],"author":[{"embeddable":true,"href":"https:\/\/www.mouthiers-sur-boeme.fr\/index.php?rest_route=\/wp\/v2\/users\/22"}],"replies":[{"embeddable":true,"href":"https:\/\/www.mouthiers-sur-boeme.fr\/index.php?rest_route=%2Fwp%2Fv2%2Fcomments&post=4878"}],"version-history":[{"count":3,"href":"https:\/\/www.mouthiers-sur-boeme.fr\/index.php?rest_route=\/wp\/v2\/posts\/4878\/revisions"}],"predecessor-version":[{"id":4891,"href":"https:\/\/www.mouthiers-sur-boeme.fr\/index.php?rest_route=\/wp\/v2\/posts\/4878\/revisions\/4891"}],"wp:attachment":[{"href":"https:\/\/www.mouthiers-sur-boeme.fr\/index.php?rest_route=%2Fwp%2Fv2%2Fmedia&parent=4878"}],"wp:term":[{"taxonomy":"category","embeddable":true,"href":"https:\/\/www.mouthiers-sur-boeme.fr\/index.php?rest_route=%2Fwp%2Fv2%2Fcategories&post=4878"},{"taxonomy":"post_tag","embeddable":true,"href":"https:\/\/www.mouthiers-sur-boeme.fr\/index.php?rest_route=%2Fwp%2Fv2%2Ftags&post=4878"}],"curies":[{"name":"wp","href":"https:\/\/api.w.org\/{rel}","templated":true}]}}