{"id":4924,"date":"2017-10-07T15:49:19","date_gmt":"2017-10-07T14:49:19","guid":{"rendered":"https:\/\/www.mouthiers-sur-boeme.fr\/?p=4924"},"modified":"2017-10-26T07:58:22","modified_gmt":"2017-10-26T06:58:22","slug":"un-projet-pour-le-grandangouleme","status":"publish","type":"post","link":"https:\/\/www.mouthiers-sur-boeme.fr\/?p=4924","title":{"rendered":"Un projet pour le GrandAngoul\u00eame"},"content":{"rendered":"<p><a href=\"https:\/\/www.mouthiers-sur-boeme.fr\/wp-content\/uploads\/2017\/10\/Affiches-ateliers-citoyens-format-paysage.jpg\"><img loading=\"lazy\" class=\"aligncenter size-medium wp-image-4925\" src=\"https:\/\/www.mouthiers-sur-boeme.fr\/wp-content\/uploads\/2017\/10\/Affiches-ateliers-citoyens-format-paysage-300x200.jpg\" alt=\"\" width=\"300\" height=\"200\" srcset=\"https:\/\/www.mouthiers-sur-boeme.fr\/wp-content\/uploads\/2017\/10\/Affiches-ateliers-citoyens-format-paysage-300x200.jpg 300w, https:\/\/www.mouthiers-sur-boeme.fr\/wp-content\/uploads\/2017\/10\/Affiches-ateliers-citoyens-format-paysage-768x512.jpg 768w, https:\/\/www.mouthiers-sur-boeme.fr\/wp-content\/uploads\/2017\/10\/Affiches-ateliers-citoyens-format-paysage-1024x683.jpg 1024w\" sizes=\"(max-width: 300px) 100vw, 300px\" \/><\/a><\/p>\n<p><strong>PROJET DE TERRITOIRE<\/strong><\/p>\n<p>La communaut\u00e9 d\u2019agglom\u00e9ration a souhait\u00e9 r\u00e9actualiser son projet de territoire pour tenir compte de son \u00e9largissement \u00e0 38 communes, et de sa ruralisation.<br \/>\nCe projet doit d\u00e9finir les grandes orientations qui encadreront les actions et les programmes mis en \u0153uvre dans les comp\u00e9tences assur\u00e9es par la communaut\u00e9.<br \/>\nCette d\u00e9marche va se d\u00e9rouler de fa\u00e7on tr\u00e8s acc\u00e9l\u00e9r\u00e9e, avec comme horizon un s\u00e9minaire des \u00e9lus communautaires le 18 novembre ; \u00e0 l\u2019ordre du jour : partage des enjeux, r\u00e9actions sur le projet de territoire.<\/p>\n<p>Avant, les citoyens pourront participer dans l\u2019une des 3 r\u00e9unions simultan\u00e9es dont l\u2019une dans la salle des f\u00eates de Voulgezac le jeudi 19 octobre.<\/p>\n<p>Y seront pr\u00e9sent\u00e9s des \u00e9l\u00e9ments de diagnostic sur ce qu\u2019est l\u2019agglom\u00e9ration : l\u2019\u00e9conomie, le cadre de vie (dont les d\u00e9chets), la culture, le patrimoine et le sport, l\u2019urbanisme et l\u2019habitat, le num\u00e9rique, les mobilit\u00e9s, le tourisme, la coh\u00e9sion sociale, la coop\u00e9ration avec les autres territoires ; les finances et les fiscalit\u00e9s locales font \u00e9galement partie du panorama soumis \u00e0 l\u2019examen et \u00e0 la r\u00e9flexion des participants.<\/p>\n","protected":false},"excerpt":{"rendered":"<p>PROJET DE TERRITOIRE La communaut\u00e9 d\u2019agglom\u00e9ration a souhait\u00e9 r\u00e9actualiser son projet de territoire pour tenir compte de son \u00e9largissement \u00e0 38 communes, et de sa ruralisation. Ce projet doit d\u00e9finir les grandes orientations qui encadreront les actions et les programmes mis en \u0153uvre dans les comp\u00e9tences assur\u00e9es par la communaut\u00e9. Cette d\u00e9marche va se d\u00e9rouler &hellip; <a href=\"https:\/\/www.mouthiers-sur-boeme.fr\/?p=4924\" class=\"more-link\">Continuer la lecture de <span class=\"screen-reader-text\">Un projet pour le GrandAngoul\u00eame<\/span>  <span class=\"meta-nav\">&rarr;<\/span><\/a><\/p>\n","protected":false},"author":22,"featured_media":4925,"comment_status":"open","ping_status":"open","sticky":false,"template":"","format":"standard","meta":[],"categories":[75],"tags":[],"_links":{"self":[{"href":"https:\/\/www.mouthiers-sur-boeme.fr\/index.php?rest_route=\/wp\/v2\/posts\/4924"}],"collection":[{"href":"https:\/\/www.mouthiers-sur-boeme.fr\/index.php?rest_route=\/wp\/v2\/posts"}],"about":[{"href":"https:\/\/www.mouthiers-sur-boeme.fr\/index.php?rest_route=\/wp\/v2\/types\/post"}],"author":[{"embeddable":true,"href":"https:\/\/www.mouthiers-sur-boeme.fr\/index.php?rest_route=\/wp\/v2\/users\/22"}],"replies":[{"embeddable":true,"href":"https:\/\/www.mouthiers-sur-boeme.fr\/index.php?rest_route=%2Fwp%2Fv2%2Fcomments&post=4924"}],"version-history":[{"count":1,"href":"https:\/\/www.mouthiers-sur-boeme.fr\/index.php?rest_route=\/wp\/v2\/posts\/4924\/revisions"}],"predecessor-version":[{"id":4926,"href":"https:\/\/www.mouthiers-sur-boeme.fr\/index.php?rest_route=\/wp\/v2\/posts\/4924\/revisions\/4926"}],"wp:featuredmedia":[{"embeddable":true,"href":"https:\/\/www.mouthiers-sur-boeme.fr\/index.php?rest_route=\/wp\/v2\/media\/4925"}],"wp:attachment":[{"href":"https:\/\/www.mouthiers-sur-boeme.fr\/index.php?rest_route=%2Fwp%2Fv2%2Fmedia&parent=4924"}],"wp:term":[{"taxonomy":"category","embeddable":true,"href":"https:\/\/www.mouthiers-sur-boeme.fr\/index.php?rest_route=%2Fwp%2Fv2%2Fcategories&post=4924"},{"taxonomy":"post_tag","embeddable":true,"href":"https:\/\/www.mouthiers-sur-boeme.fr\/index.php?rest_route=%2Fwp%2Fv2%2Ftags&post=4924"}],"curies":[{"name":"wp","href":"https:\/\/api.w.org\/{rel}","templated":true}]}}