{"id":4967,"date":"2017-10-25T16:07:09","date_gmt":"2017-10-25T15:07:09","guid":{"rendered":"https:\/\/www.mouthiers-sur-boeme.fr\/?p=4967"},"modified":"2017-11-17T17:25:54","modified_gmt":"2017-11-17T16:25:54","slug":"boum-solidaire-du-4-novembre","status":"publish","type":"post","link":"https:\/\/www.mouthiers-sur-boeme.fr\/?p=4967","title":{"rendered":"Boum solidaire du 4 novembre"},"content":{"rendered":"<p><a href=\"https:\/\/www.mouthiers-sur-boeme.fr\/wp-content\/uploads\/2017\/10\/Affiche-Boum-Solidaire-2017.jpg\"><img loading=\"lazy\" class=\"alignnone size-medium wp-image-4964\" src=\"https:\/\/www.mouthiers-sur-boeme.fr\/wp-content\/uploads\/2017\/10\/Affiche-Boum-Solidaire-2017-212x300.jpg\" alt=\"\" width=\"212\" height=\"300\" srcset=\"https:\/\/www.mouthiers-sur-boeme.fr\/wp-content\/uploads\/2017\/10\/Affiche-Boum-Solidaire-2017-212x300.jpg 212w, https:\/\/www.mouthiers-sur-boeme.fr\/wp-content\/uploads\/2017\/10\/Affiche-Boum-Solidaire-2017-768x1086.jpg 768w, https:\/\/www.mouthiers-sur-boeme.fr\/wp-content\/uploads\/2017\/10\/Affiche-Boum-Solidaire-2017-724x1024.jpg 724w\" sizes=\"(max-width: 212px) 100vw, 212px\" \/><\/a><\/p>\n<p>Le CMJ organise la 3\u00e8me boum solidaire tout public avec l&rsquo;association des bouchons d&rsquo;amour. La collecte permet d&rsquo;acheter des fauteuils roulants pour les handicap\u00e9s.<\/p>\n<p>C&rsquo;est gratuit mais vous pouvez apportez un sac de bouchon.<\/p>\n<p>Le troph\u00e9e sera remis \u00e0 celui ou celle qui apportera<!--more--> le plus gros sac de bouchons.<\/p>\n<p>D\u00e9guisement d&rsquo;Halloween conseill\u00e9.<\/p>\n<p>Parlez-en autour de vous et venez nombreux.<\/p>\n<p>Le Conseil Municipal Jeune<\/p>\n<figure id=\"attachment_4995\" aria-describedby=\"caption-attachment-4995\" style=\"width: 225px\" class=\"wp-caption alignnone\"><a href=\"https:\/\/www.mouthiers-sur-boeme.fr\/wp-content\/uploads\/2017\/10\/m\u00eame-pas-peur-e1509019480787.jpg\"><img loading=\"lazy\" class=\"size-medium wp-image-4995\" src=\"https:\/\/www.mouthiers-sur-boeme.fr\/wp-content\/uploads\/2017\/10\/m\u00eame-pas-peur-e1509019480787-225x300.jpg\" alt=\"\" width=\"225\" height=\"300\" srcset=\"https:\/\/www.mouthiers-sur-boeme.fr\/wp-content\/uploads\/2017\/10\/m\u00eame-pas-peur-e1509019480787-225x300.jpg 225w, https:\/\/www.mouthiers-sur-boeme.fr\/wp-content\/uploads\/2017\/10\/m\u00eame-pas-peur-e1509019480787-768x1024.jpg 768w\" sizes=\"(max-width: 225px) 100vw, 225px\" \/><\/a><figcaption id=\"caption-attachment-4995\" class=\"wp-caption-text\">Un fant\u00f4me ? Marianne n&rsquo;a m\u00eame pas peur !<\/figcaption><\/figure>\n<figure id=\"attachment_4996\" aria-describedby=\"caption-attachment-4996\" style=\"width: 225px\" class=\"wp-caption alignnone\"><a href=\"https:\/\/www.mouthiers-sur-boeme.fr\/wp-content\/uploads\/2017\/10\/o\u00f9-est-lombre-de-la-sorci\u00e8re-e1509019526170.jpg\"><img loading=\"lazy\" class=\"size-medium wp-image-4996\" src=\"https:\/\/www.mouthiers-sur-boeme.fr\/wp-content\/uploads\/2017\/10\/o\u00f9-est-lombre-de-la-sorci\u00e8re-e1509019526170-225x300.jpg\" alt=\"\" width=\"225\" height=\"300\" srcset=\"https:\/\/www.mouthiers-sur-boeme.fr\/wp-content\/uploads\/2017\/10\/o\u00f9-est-lombre-de-la-sorci\u00e8re-e1509019526170-225x300.jpg 225w, https:\/\/www.mouthiers-sur-boeme.fr\/wp-content\/uploads\/2017\/10\/o\u00f9-est-lombre-de-la-sorci\u00e8re-e1509019526170-768x1024.jpg 768w\" sizes=\"(max-width: 225px) 100vw, 225px\" \/><\/a><figcaption id=\"caption-attachment-4996\" class=\"wp-caption-text\">A\u00efna, Camille et Oc\u00e9ane. mais o\u00f9 est la sorci\u00e8re ?<\/figcaption><\/figure>\n<figure id=\"attachment_4997\" aria-describedby=\"caption-attachment-4997\" style=\"width: 225px\" class=\"wp-caption alignnone\"><a href=\"https:\/\/www.mouthiers-sur-boeme.fr\/wp-content\/uploads\/2017\/10\/tout-le-monde-sy-met-e1509019899959.jpg\"><img loading=\"lazy\" class=\"size-medium wp-image-4997\" src=\"https:\/\/www.mouthiers-sur-boeme.fr\/wp-content\/uploads\/2017\/10\/tout-le-monde-sy-met-e1509019899959-225x300.jpg\" alt=\"\" width=\"225\" height=\"300\" srcset=\"https:\/\/www.mouthiers-sur-boeme.fr\/wp-content\/uploads\/2017\/10\/tout-le-monde-sy-met-e1509019899959-225x300.jpg 225w, https:\/\/www.mouthiers-sur-boeme.fr\/wp-content\/uploads\/2017\/10\/tout-le-monde-sy-met-e1509019899959-768x1024.jpg 768w\" sizes=\"(max-width: 225px) 100vw, 225px\" \/><\/a><figcaption id=\"caption-attachment-4997\" class=\"wp-caption-text\">Tout le monde a bien travaill\u00e9.<\/figcaption><\/figure>\n","protected":false},"excerpt":{"rendered":"<p>Le CMJ organise la 3\u00e8me boum solidaire tout public avec l&rsquo;association des bouchons d&rsquo;amour. La collecte permet d&rsquo;acheter des fauteuils roulants pour les handicap\u00e9s. C&rsquo;est gratuit mais vous pouvez apportez un sac de bouchon. Le troph\u00e9e sera remis \u00e0 celui ou celle qui apportera<\/p>\n","protected":false},"author":22,"featured_media":0,"comment_status":"open","ping_status":"open","sticky":false,"template":"","format":"standard","meta":[],"categories":[68],"tags":[],"_links":{"self":[{"href":"https:\/\/www.mouthiers-sur-boeme.fr\/index.php?rest_route=\/wp\/v2\/posts\/4967"}],"collection":[{"href":"https:\/\/www.mouthiers-sur-boeme.fr\/index.php?rest_route=\/wp\/v2\/posts"}],"about":[{"href":"https:\/\/www.mouthiers-sur-boeme.fr\/index.php?rest_route=\/wp\/v2\/types\/post"}],"author":[{"embeddable":true,"href":"https:\/\/www.mouthiers-sur-boeme.fr\/index.php?rest_route=\/wp\/v2\/users\/22"}],"replies":[{"embeddable":true,"href":"https:\/\/www.mouthiers-sur-boeme.fr\/index.php?rest_route=%2Fwp%2Fv2%2Fcomments&post=4967"}],"version-history":[{"count":6,"href":"https:\/\/www.mouthiers-sur-boeme.fr\/index.php?rest_route=\/wp\/v2\/posts\/4967\/revisions"}],"predecessor-version":[{"id":5027,"href":"https:\/\/www.mouthiers-sur-boeme.fr\/index.php?rest_route=\/wp\/v2\/posts\/4967\/revisions\/5027"}],"wp:attachment":[{"href":"https:\/\/www.mouthiers-sur-boeme.fr\/index.php?rest_route=%2Fwp%2Fv2%2Fmedia&parent=4967"}],"wp:term":[{"taxonomy":"category","embeddable":true,"href":"https:\/\/www.mouthiers-sur-boeme.fr\/index.php?rest_route=%2Fwp%2Fv2%2Fcategories&post=4967"},{"taxonomy":"post_tag","embeddable":true,"href":"https:\/\/www.mouthiers-sur-boeme.fr\/index.php?rest_route=%2Fwp%2Fv2%2Ftags&post=4967"}],"curies":[{"name":"wp","href":"https:\/\/api.w.org\/{rel}","templated":true}]}}