{"id":4982,"date":"2017-10-26T08:11:43","date_gmt":"2017-10-26T07:11:43","guid":{"rendered":"https:\/\/www.mouthiers-sur-boeme.fr\/?p=4982"},"modified":"2017-11-17T17:24:31","modified_gmt":"2017-11-17T16:24:31","slug":"2-novembre-seance-de-20h30-petit-paysan","status":"publish","type":"post","link":"https:\/\/www.mouthiers-sur-boeme.fr\/?p=4982","title":{"rendered":"2 novembre MJC s\u00e9ance cin\u00e9ma de 20h30 PETIT PAYSAN"},"content":{"rendered":"<header>\n<h1 class=\"crayon article-titre-841 \" style=\"text-align: center;\"><span style=\"color: #ff0000;\">S\u00c9ANCE DE 20H30<\/span><\/h1>\n<h1 class=\"crayon article-titre-841 \">Petit Paysan<\/h1>\n<div class=\"chapo crayon article-chapo-841 clearfix\">\n<p>De <strong>Hubert Charuel<\/strong><br class=\"autobr\" \/> Avec <strong>Swann Arlaud, Sara Giraudeau, Bouli Lanners<\/strong><br class=\"autobr\" \/> Genre <strong>Drame<\/strong><br class=\"autobr\" \/> Nationalit\u00e9 <strong>fran\u00e7ais<\/strong><br class=\"autobr\" \/> Dur\u00e9e <strong>1h 30<\/strong><\/p>\n<\/div>\n<p><a href=\"https:\/\/www.mouthiers-sur-boeme.fr\/wp-content\/uploads\/2017\/10\/PETIT-PAYSAN.jpg\"><img loading=\"lazy\" class=\"alignnone size-medium wp-image-4984\" src=\"https:\/\/www.mouthiers-sur-boeme.fr\/wp-content\/uploads\/2017\/10\/PETIT-PAYSAN-225x300.jpg\" alt=\"\" width=\"225\" height=\"300\" \/><\/a><\/p>\n<\/header>\n<hr \/>\n<p><!--more--><\/p>\n<div class=\"crayon article-texte-841 clearfix\">\n<p>Pierre, la trentaine, est \u00e9leveur de vaches laiti\u00e8res. Sa vie s\u2019organise autour de sa ferme, sa s\u0153ur v\u00e9t\u00e9rinaire et ses parents dont il a repris l\u2019exploitation. Alors que les premiers cas d\u2019une \u00e9pid\u00e9mie se d\u00e9clarent en France, Pierre d\u00e9couvre que l\u2019une de ses b\u00eates est infect\u00e9e. Il ne peut se r\u00e9soudre \u00e0 perdre ses vaches. Il n\u2019a rien d\u2019autre et ira jusqu\u2019au bout pour les sauver.<\/p>\n<\/div>\n","protected":false},"excerpt":{"rendered":"<p>S\u00c9ANCE DE 20H30 Petit Paysan De Hubert Charuel Avec Swann Arlaud, Sara Giraudeau, Bouli Lanners Genre Drame Nationalit\u00e9 fran\u00e7ais Dur\u00e9e 1h 30<\/p>\n","protected":false},"author":22,"featured_media":0,"comment_status":"open","ping_status":"open","sticky":false,"template":"","format":"standard","meta":[],"categories":[65],"tags":[],"_links":{"self":[{"href":"https:\/\/www.mouthiers-sur-boeme.fr\/index.php?rest_route=\/wp\/v2\/posts\/4982"}],"collection":[{"href":"https:\/\/www.mouthiers-sur-boeme.fr\/index.php?rest_route=\/wp\/v2\/posts"}],"about":[{"href":"https:\/\/www.mouthiers-sur-boeme.fr\/index.php?rest_route=\/wp\/v2\/types\/post"}],"author":[{"embeddable":true,"href":"https:\/\/www.mouthiers-sur-boeme.fr\/index.php?rest_route=\/wp\/v2\/users\/22"}],"replies":[{"embeddable":true,"href":"https:\/\/www.mouthiers-sur-boeme.fr\/index.php?rest_route=%2Fwp%2Fv2%2Fcomments&post=4982"}],"version-history":[{"count":4,"href":"https:\/\/www.mouthiers-sur-boeme.fr\/index.php?rest_route=\/wp\/v2\/posts\/4982\/revisions"}],"predecessor-version":[{"id":5025,"href":"https:\/\/www.mouthiers-sur-boeme.fr\/index.php?rest_route=\/wp\/v2\/posts\/4982\/revisions\/5025"}],"wp:attachment":[{"href":"https:\/\/www.mouthiers-sur-boeme.fr\/index.php?rest_route=%2Fwp%2Fv2%2Fmedia&parent=4982"}],"wp:term":[{"taxonomy":"category","embeddable":true,"href":"https:\/\/www.mouthiers-sur-boeme.fr\/index.php?rest_route=%2Fwp%2Fv2%2Fcategories&post=4982"},{"taxonomy":"post_tag","embeddable":true,"href":"https:\/\/www.mouthiers-sur-boeme.fr\/index.php?rest_route=%2Fwp%2Fv2%2Ftags&post=4982"}],"curies":[{"name":"wp","href":"https:\/\/api.w.org\/{rel}","templated":true}]}}