{"id":5019,"date":"2017-11-16T22:16:05","date_gmt":"2017-11-16T21:16:05","guid":{"rendered":"https:\/\/www.mouthiers-sur-boeme.fr\/?p=5019"},"modified":"2017-12-02T09:38:54","modified_gmt":"2017-12-02T08:38:54","slug":"30-novembre-le-sens-de-la-fete-20h30","status":"publish","type":"post","link":"https:\/\/www.mouthiers-sur-boeme.fr\/?p=5019","title":{"rendered":"30 novembre le sens de la f\u00eate 20h30"},"content":{"rendered":"<header>\n<h1 class=\"crayon article-titre-859 \">Le Sens de la f\u00eate<\/h1>\n<div class=\"chapo crayon article-chapo-859 clearfix\">\n<p>De <strong>Eric Toledano, Olivier Nakache<\/strong><br class=\"autobr\" \/> Avec <strong>Jean-Pierre Bacri, Jean-Paul Rouve, Gilles Lellouche <\/strong><br class=\"autobr\" \/> Genre <strong>Com\u00e9die<\/strong><br class=\"autobr\" \/> Nationalit\u00e9 <strong>fran\u00e7ais <\/strong><br class=\"autobr\" \/> Dur\u00e9e <strong>1h 57<\/strong><\/p>\n<p><a href=\"https:\/\/www.mouthiers-sur-boeme.fr\/wp-content\/uploads\/2017\/11\/LE-SENS-DE-LA-F\u00caTE.jpg\"><img loading=\"lazy\" class=\"alignnone size-medium wp-image-5021\" src=\"https:\/\/www.mouthiers-sur-boeme.fr\/wp-content\/uploads\/2017\/11\/LE-SENS-DE-LA-F\u00caTE-221x300.jpg\" alt=\"\" width=\"221\" height=\"300\" \/><\/a><\/p>\n<\/div>\n<\/header>\n<hr \/>\n<div class=\"crayon article-texte-859 clearfix\">\n<p>Max est traiteur depuis trente ans. Des f\u00eates il en a organis\u00e9 des centaines, il est m\u00eame un peu au bout du parcours. Aujourd\u2019hui c\u2019est un sublime mariage dans un ch\u00e2teau du 17\u00e8me si\u00e8cle, un de plus, celui de Pierre et H\u00e9l\u00e9na. Comme d\u2019habitude, Max a tout coordonn\u00e9\u00a0: il a recrut\u00e9 sa brigade de serveurs, de cuisiniers, de plongeurs, il a conseill\u00e9 un photographe, r\u00e9serv\u00e9 l\u2019orchestre, arrang\u00e9 la d\u00e9coration florale, bref tous les ingr\u00e9dients sont r\u00e9unis pour que cette f\u00eate soit r\u00e9ussie&#8230; Mais la loi des s\u00e9ries va venir bouleverser un planning sur le fil o\u00f9 chaque moment de bonheur et d\u2019\u00e9motion risque de se transformer en d\u00e9sastre ou en chaos. Des pr\u00e9paratifs jusqu\u2019\u00e0 l\u2019aube, nous allons vivre les coulisses de cette soir\u00e9e \u00e0 travers le regard de ceux qui travaillent et qui devront compter sur leur unique qualit\u00e9 commune\u00a0: Le sens de la f\u00eate.<\/p>\n<\/div>\n","protected":false},"excerpt":{"rendered":"<p>Le Sens de la f\u00eate De Eric Toledano, Olivier Nakache Avec Jean-Pierre Bacri, Jean-Paul Rouve, Gilles Lellouche Genre Com\u00e9die Nationalit\u00e9 fran\u00e7ais Dur\u00e9e 1h 57 Max est traiteur depuis trente ans. Des f\u00eates il en a organis\u00e9 des centaines, il est m\u00eame un peu au bout du parcours. Aujourd\u2019hui c\u2019est un sublime mariage dans un ch\u00e2teau &hellip; <a href=\"https:\/\/www.mouthiers-sur-boeme.fr\/?p=5019\" class=\"more-link\">Continuer la lecture de <span class=\"screen-reader-text\">30 novembre le sens de la f\u00eate 20h30<\/span>  <span class=\"meta-nav\">&rarr;<\/span><\/a><\/p>\n","protected":false},"author":22,"featured_media":0,"comment_status":"open","ping_status":"open","sticky":false,"template":"","format":"standard","meta":[],"categories":[65],"tags":[],"_links":{"self":[{"href":"https:\/\/www.mouthiers-sur-boeme.fr\/index.php?rest_route=\/wp\/v2\/posts\/5019"}],"collection":[{"href":"https:\/\/www.mouthiers-sur-boeme.fr\/index.php?rest_route=\/wp\/v2\/posts"}],"about":[{"href":"https:\/\/www.mouthiers-sur-boeme.fr\/index.php?rest_route=\/wp\/v2\/types\/post"}],"author":[{"embeddable":true,"href":"https:\/\/www.mouthiers-sur-boeme.fr\/index.php?rest_route=\/wp\/v2\/users\/22"}],"replies":[{"embeddable":true,"href":"https:\/\/www.mouthiers-sur-boeme.fr\/index.php?rest_route=%2Fwp%2Fv2%2Fcomments&post=5019"}],"version-history":[{"count":1,"href":"https:\/\/www.mouthiers-sur-boeme.fr\/index.php?rest_route=\/wp\/v2\/posts\/5019\/revisions"}],"predecessor-version":[{"id":5022,"href":"https:\/\/www.mouthiers-sur-boeme.fr\/index.php?rest_route=\/wp\/v2\/posts\/5019\/revisions\/5022"}],"wp:attachment":[{"href":"https:\/\/www.mouthiers-sur-boeme.fr\/index.php?rest_route=%2Fwp%2Fv2%2Fmedia&parent=5019"}],"wp:term":[{"taxonomy":"category","embeddable":true,"href":"https:\/\/www.mouthiers-sur-boeme.fr\/index.php?rest_route=%2Fwp%2Fv2%2Fcategories&post=5019"},{"taxonomy":"post_tag","embeddable":true,"href":"https:\/\/www.mouthiers-sur-boeme.fr\/index.php?rest_route=%2Fwp%2Fv2%2Ftags&post=5019"}],"curies":[{"name":"wp","href":"https:\/\/api.w.org\/{rel}","templated":true}]}}