{"id":5036,"date":"2017-11-20T18:49:52","date_gmt":"2017-11-20T17:49:52","guid":{"rendered":"https:\/\/www.mouthiers-sur-boeme.fr\/?p=5036"},"modified":"2017-12-03T18:50:12","modified_gmt":"2017-12-03T17:50:12","slug":"via-patrimoine-eglises-romanes-dangoumois","status":"publish","type":"post","link":"https:\/\/www.mouthiers-sur-boeme.fr\/?p=5036","title":{"rendered":"VIA PATRIMOINE &#8211; Eglises romanes d&rsquo;Angoumois"},"content":{"rendered":"<p>Exposition \u00e0 la m\u00e9diath\u00e8que jusqu&rsquo;au 01 d\u00e9cembre 2017<\/p>\n<p><strong>Rendez-vous mardi 28 novembre 2017 \u00e0 18h30<\/strong>\u00a0\u00e0 l&rsquo;\u00e9glise pr\u00e9sentation de l&rsquo;exposition \u00ab\u00a0Eglises romanes d&rsquo;Angoumois vers 1845 dans les carnets de l&rsquo;architecte Paul ABADIE FILS. \u00a0Marie Faure de Via Patrimoine viendra vous pr\u00e9senter l&rsquo;exposition \u00e9changer avec vous et nous terminerons ce rendez-vous par un pot de l&rsquo;amiti\u00e9.<\/p>\n","protected":false},"excerpt":{"rendered":"<p>Exposition \u00e0 la m\u00e9diath\u00e8que jusqu&rsquo;au 01 d\u00e9cembre 2017 Rendez-vous mardi 28 novembre 2017 \u00e0 18h30\u00a0\u00e0 l&rsquo;\u00e9glise pr\u00e9sentation de l&rsquo;exposition \u00ab\u00a0Eglises romanes d&rsquo;Angoumois vers 1845 dans les carnets de l&rsquo;architecte Paul ABADIE FILS. \u00a0Marie Faure de Via Patrimoine viendra vous pr\u00e9senter l&rsquo;exposition \u00e9changer avec vous et nous terminerons ce rendez-vous par un pot de l&rsquo;amiti\u00e9.<\/p>\n","protected":false},"author":22,"featured_media":0,"comment_status":"open","ping_status":"open","sticky":false,"template":"","format":"standard","meta":[],"categories":[1],"tags":[],"_links":{"self":[{"href":"https:\/\/www.mouthiers-sur-boeme.fr\/index.php?rest_route=\/wp\/v2\/posts\/5036"}],"collection":[{"href":"https:\/\/www.mouthiers-sur-boeme.fr\/index.php?rest_route=\/wp\/v2\/posts"}],"about":[{"href":"https:\/\/www.mouthiers-sur-boeme.fr\/index.php?rest_route=\/wp\/v2\/types\/post"}],"author":[{"embeddable":true,"href":"https:\/\/www.mouthiers-sur-boeme.fr\/index.php?rest_route=\/wp\/v2\/users\/22"}],"replies":[{"embeddable":true,"href":"https:\/\/www.mouthiers-sur-boeme.fr\/index.php?rest_route=%2Fwp%2Fv2%2Fcomments&post=5036"}],"version-history":[{"count":1,"href":"https:\/\/www.mouthiers-sur-boeme.fr\/index.php?rest_route=\/wp\/v2\/posts\/5036\/revisions"}],"predecessor-version":[{"id":5037,"href":"https:\/\/www.mouthiers-sur-boeme.fr\/index.php?rest_route=\/wp\/v2\/posts\/5036\/revisions\/5037"}],"wp:attachment":[{"href":"https:\/\/www.mouthiers-sur-boeme.fr\/index.php?rest_route=%2Fwp%2Fv2%2Fmedia&parent=5036"}],"wp:term":[{"taxonomy":"category","embeddable":true,"href":"https:\/\/www.mouthiers-sur-boeme.fr\/index.php?rest_route=%2Fwp%2Fv2%2Fcategories&post=5036"},{"taxonomy":"post_tag","embeddable":true,"href":"https:\/\/www.mouthiers-sur-boeme.fr\/index.php?rest_route=%2Fwp%2Fv2%2Ftags&post=5036"}],"curies":[{"name":"wp","href":"https:\/\/api.w.org\/{rel}","templated":true}]}}