{"id":5038,"date":"2017-12-03T19:00:15","date_gmt":"2017-12-03T18:00:15","guid":{"rendered":"https:\/\/www.mouthiers-sur-boeme.fr\/?p=5038"},"modified":"2018-02-20T09:33:59","modified_gmt":"2018-02-20T08:33:59","slug":"marche-de-noel-solidaire-samedi-9-decembre-2017","status":"publish","type":"post","link":"https:\/\/www.mouthiers-sur-boeme.fr\/?p=5038","title":{"rendered":"March\u00e9 de No\u00ebl solidaire &#8211; samedi 9 d\u00e9cembre 2017"},"content":{"rendered":"<p><a href=\"https:\/\/www.mouthiers-sur-boeme.fr\/wp-content\/uploads\/2017\/11\/AFFICHE-MARCHE-DE-NOEL-2017.jpg\"><img loading=\"lazy\" class=\"aligncenter size-medium wp-image-5065\" src=\"https:\/\/www.mouthiers-sur-boeme.fr\/wp-content\/uploads\/2017\/11\/AFFICHE-MARCHE-DE-NOEL-2017-211x300.jpg\" alt=\"\" width=\"211\" height=\"300\" \/><\/a>March\u00e9 de No\u00ebl solidaire au profit des oubli\u00e9s de no\u00ebl organis\u00e9 par le Secours Populaire de 10h \u00e0 17h sur le parvis de la m\u00e9diath\u00e8que. Venez nombreux d\u00e9couvrir des stands de d\u00e9coration de no\u00ebl &#8211; p\u00e2tisseries &#8230;<\/p>\n","protected":false},"excerpt":{"rendered":"<p>March\u00e9 de No\u00ebl solidaire au profit des oubli\u00e9s de no\u00ebl organis\u00e9 par le Secours Populaire de 10h \u00e0 17h sur le parvis de la m\u00e9diath\u00e8que. Venez nombreux d\u00e9couvrir des stands de d\u00e9coration de no\u00ebl &#8211; p\u00e2tisseries &#8230;<\/p>\n","protected":false},"author":22,"featured_media":0,"comment_status":"open","ping_status":"open","sticky":false,"template":"","format":"standard","meta":[],"categories":[12,14],"tags":[],"_links":{"self":[{"href":"https:\/\/www.mouthiers-sur-boeme.fr\/index.php?rest_route=\/wp\/v2\/posts\/5038"}],"collection":[{"href":"https:\/\/www.mouthiers-sur-boeme.fr\/index.php?rest_route=\/wp\/v2\/posts"}],"about":[{"href":"https:\/\/www.mouthiers-sur-boeme.fr\/index.php?rest_route=\/wp\/v2\/types\/post"}],"author":[{"embeddable":true,"href":"https:\/\/www.mouthiers-sur-boeme.fr\/index.php?rest_route=\/wp\/v2\/users\/22"}],"replies":[{"embeddable":true,"href":"https:\/\/www.mouthiers-sur-boeme.fr\/index.php?rest_route=%2Fwp%2Fv2%2Fcomments&post=5038"}],"version-history":[{"count":3,"href":"https:\/\/www.mouthiers-sur-boeme.fr\/index.php?rest_route=\/wp\/v2\/posts\/5038\/revisions"}],"predecessor-version":[{"id":5067,"href":"https:\/\/www.mouthiers-sur-boeme.fr\/index.php?rest_route=\/wp\/v2\/posts\/5038\/revisions\/5067"}],"wp:attachment":[{"href":"https:\/\/www.mouthiers-sur-boeme.fr\/index.php?rest_route=%2Fwp%2Fv2%2Fmedia&parent=5038"}],"wp:term":[{"taxonomy":"category","embeddable":true,"href":"https:\/\/www.mouthiers-sur-boeme.fr\/index.php?rest_route=%2Fwp%2Fv2%2Fcategories&post=5038"},{"taxonomy":"post_tag","embeddable":true,"href":"https:\/\/www.mouthiers-sur-boeme.fr\/index.php?rest_route=%2Fwp%2Fv2%2Ftags&post=5038"}],"curies":[{"name":"wp","href":"https:\/\/api.w.org\/{rel}","templated":true}]}}