{"id":5042,"date":"2017-12-03T18:56:37","date_gmt":"2017-12-03T17:56:37","guid":{"rendered":"https:\/\/www.mouthiers-sur-boeme.fr\/?p=5042"},"modified":"2017-12-13T13:22:04","modified_gmt":"2017-12-13T12:22:04","slug":"arbre-de-la-laicite-samedi-9-decembre-11h","status":"publish","type":"post","link":"https:\/\/www.mouthiers-sur-boeme.fr\/?p=5042","title":{"rendered":"ARBRE DE LA LA\u00cfCIT\u00c9 &#8211; Samedi 9 d\u00e9cembre 11h"},"content":{"rendered":"<p>La Mairie de Mouthiers et le collectif La\u00efcit\u00e9 R\u00e9publique de la Charente vous invitent \u00e0 la plantation de l&rsquo;Arbre de la La\u00efcit\u00e9<\/p>\n<p>Samedi 9 d\u00e9cembre 2017 \u00e0 11 heures devant l<\/p>\n<p>a mairie.<\/p>\n<p><a href=\"https:\/\/www.mouthiers-sur-boeme.fr\/wp-content\/uploads\/2017\/11\/Carton-Invitation-Arbre-de-la-La\u00efcit\u00e9-Mouthiers-9-12-17-v2.jpg\"><img loading=\"lazy\" class=\"aligncenter size-medium wp-image-5060\" src=\"https:\/\/www.mouthiers-sur-boeme.fr\/wp-content\/uploads\/2017\/11\/Carton-Invitation-Arbre-de-la-La\u00efcit\u00e9-Mouthiers-9-12-17-v2-300x142.jpg\" alt=\"\" width=\"300\" height=\"142\" srcset=\"https:\/\/www.mouthiers-sur-boeme.fr\/wp-content\/uploads\/2017\/11\/Carton-Invitation-Arbre-de-la-La\u00efcit\u00e9-Mouthiers-9-12-17-v2-300x142.jpg 300w, https:\/\/www.mouthiers-sur-boeme.fr\/wp-content\/uploads\/2017\/11\/Carton-Invitation-Arbre-de-la-La\u00efcit\u00e9-Mouthiers-9-12-17-v2-768x362.jpg 768w, https:\/\/www.mouthiers-sur-boeme.fr\/wp-content\/uploads\/2017\/11\/Carton-Invitation-Arbre-de-la-La\u00efcit\u00e9-Mouthiers-9-12-17-v2-1024x483.jpg 1024w, https:\/\/www.mouthiers-sur-boeme.fr\/wp-content\/uploads\/2017\/11\/Carton-Invitation-Arbre-de-la-La\u00efcit\u00e9-Mouthiers-9-12-17-v2.jpg 1240w\" sizes=\"(max-width: 300px) 100vw, 300px\" \/><\/a> <a href=\"https:\/\/www.mouthiers-sur-boeme.fr\/wp-content\/uploads\/2017\/11\/CLR-17-Affiche-MOUTHIERS.jpg\"><img loading=\"lazy\" class=\"aligncenter size-medium wp-image-5061\" src=\"https:\/\/www.mouthiers-sur-boeme.fr\/wp-content\/uploads\/2017\/11\/CLR-17-Affiche-MOUTHIERS-212x300.jpg\" alt=\"\" width=\"212\" height=\"300\" srcset=\"https:\/\/www.mouthiers-sur-boeme.fr\/wp-content\/uploads\/2017\/11\/CLR-17-Affiche-MOUTHIERS-212x300.jpg 212w, https:\/\/www.mouthiers-sur-boeme.fr\/wp-content\/uploads\/2017\/11\/CLR-17-Affiche-MOUTHIERS-768x1085.jpg 768w, https:\/\/www.mouthiers-sur-boeme.fr\/wp-content\/uploads\/2017\/11\/CLR-17-Affiche-MOUTHIERS-725x1024.jpg 725w, https:\/\/www.mouthiers-sur-boeme.fr\/wp-content\/uploads\/2017\/11\/CLR-17-Affiche-MOUTHIERS.jpg 1241w\" sizes=\"(max-width: 212px) 100vw, 212px\" \/><\/a><\/p>\n","protected":false},"excerpt":{"rendered":"<p>La Mairie de Mouthiers et le collectif La\u00efcit\u00e9 R\u00e9publique de la Charente vous invitent \u00e0 la plantation de l&rsquo;Arbre de la La\u00efcit\u00e9 Samedi 9 d\u00e9cembre 2017 \u00e0 11 heures devant l a mairie.<\/p>\n","protected":false},"author":22,"featured_media":5061,"comment_status":"open","ping_status":"open","sticky":false,"template":"","format":"standard","meta":[],"categories":[11,12],"tags":[],"_links":{"self":[{"href":"https:\/\/www.mouthiers-sur-boeme.fr\/index.php?rest_route=\/wp\/v2\/posts\/5042"}],"collection":[{"href":"https:\/\/www.mouthiers-sur-boeme.fr\/index.php?rest_route=\/wp\/v2\/posts"}],"about":[{"href":"https:\/\/www.mouthiers-sur-boeme.fr\/index.php?rest_route=\/wp\/v2\/types\/post"}],"author":[{"embeddable":true,"href":"https:\/\/www.mouthiers-sur-boeme.fr\/index.php?rest_route=\/wp\/v2\/users\/22"}],"replies":[{"embeddable":true,"href":"https:\/\/www.mouthiers-sur-boeme.fr\/index.php?rest_route=%2Fwp%2Fv2%2Fcomments&post=5042"}],"version-history":[{"count":3,"href":"https:\/\/www.mouthiers-sur-boeme.fr\/index.php?rest_route=\/wp\/v2\/posts\/5042\/revisions"}],"predecessor-version":[{"id":5062,"href":"https:\/\/www.mouthiers-sur-boeme.fr\/index.php?rest_route=\/wp\/v2\/posts\/5042\/revisions\/5062"}],"wp:featuredmedia":[{"embeddable":true,"href":"https:\/\/www.mouthiers-sur-boeme.fr\/index.php?rest_route=\/wp\/v2\/media\/5061"}],"wp:attachment":[{"href":"https:\/\/www.mouthiers-sur-boeme.fr\/index.php?rest_route=%2Fwp%2Fv2%2Fmedia&parent=5042"}],"wp:term":[{"taxonomy":"category","embeddable":true,"href":"https:\/\/www.mouthiers-sur-boeme.fr\/index.php?rest_route=%2Fwp%2Fv2%2Fcategories&post=5042"},{"taxonomy":"post_tag","embeddable":true,"href":"https:\/\/www.mouthiers-sur-boeme.fr\/index.php?rest_route=%2Fwp%2Fv2%2Ftags&post=5042"}],"curies":[{"name":"wp","href":"https:\/\/api.w.org\/{rel}","templated":true}]}}