{"id":5084,"date":"2017-12-26T09:54:08","date_gmt":"2017-12-26T08:54:08","guid":{"rendered":"https:\/\/www.mouthiers-sur-boeme.fr\/?p=5084"},"modified":"2018-01-18T07:35:47","modified_gmt":"2018-01-18T06:35:47","slug":"cinema-20h30-mjc-11-janvier-2018","status":"publish","type":"post","link":"https:\/\/www.mouthiers-sur-boeme.fr\/?p=5084","title":{"rendered":"Cin\u00e9ma   :   LE BRIO       le 11 janvier \u00e0  20h30 \u00e0 la  MJC"},"content":{"rendered":"<div class=\"titlebar \">\n<h2 class=\"titlebar-title titlebar-title-md\">Synopsis et d\u00e9tails<\/h2>\n<\/div>\n<div class=\"synopsis-txt\">Ne\u00efla Salah a grandi \u00e0 Cr\u00e9teil et r\u00eave de devenir avocate.\u00a0Inscrite \u00e0 la grande universit\u00e9 parisienne d\u2019Assas, elle se confronte d\u00e8s le premier jour \u00e0 Pierre Mazard, professeur connu pour ses provocations et ses d\u00e9rapages.\u00a0Pour se racheter une conduite, ce dernier\u00a0accepte de pr\u00e9parer Ne\u00efla au prestigieux concours d\u2019\u00e9loquence. A la fois cynique et exigeant, Pierre pourrait devenir le mentor dont elle a besoin\u2026 Encore faut-il qu\u2019ils parviennent tous les deux \u00e0 d\u00e9passer leurs pr\u00e9jug\u00e9s.<\/div>\n<div><a href=\"https:\/\/www.mouthiers-sur-boeme.fr\/wp-content\/uploads\/2017\/12\/Le-brio-original.jpg\"><img loading=\"lazy\" class=\"alignnone size-medium wp-image-5085\" src=\"https:\/\/www.mouthiers-sur-boeme.fr\/wp-content\/uploads\/2017\/12\/Le-brio-original-220x300.jpg\" alt=\"\" width=\"220\" height=\"300\" \/><\/a><\/div>\n<div><a href=\"http:\/\/www.allocine.fr\/film\/fichefilm_gen_cfilm=251711.html\" target=\"_blank\" rel=\"noopener\">bande-annonce Allocin\u00e9 <\/a><\/div>\n","protected":false},"excerpt":{"rendered":"<p>Synopsis et d\u00e9tails Ne\u00efla Salah a grandi \u00e0 Cr\u00e9teil et r\u00eave de devenir avocate.\u00a0Inscrite \u00e0 la grande universit\u00e9 parisienne d\u2019Assas, elle se confronte d\u00e8s le premier jour \u00e0 Pierre Mazard, professeur connu pour ses provocations et ses d\u00e9rapages.\u00a0Pour se racheter une conduite, ce dernier\u00a0accepte de pr\u00e9parer Ne\u00efla au prestigieux concours d\u2019\u00e9loquence. A la fois cynique &hellip; <a href=\"https:\/\/www.mouthiers-sur-boeme.fr\/?p=5084\" class=\"more-link\">Continuer la lecture de <span class=\"screen-reader-text\">Cin\u00e9ma   :   LE BRIO       le 11 janvier \u00e0  20h30 \u00e0 la  MJC<\/span>  <span class=\"meta-nav\">&rarr;<\/span><\/a><\/p>\n","protected":false},"author":22,"featured_media":0,"comment_status":"open","ping_status":"open","sticky":false,"template":"","format":"standard","meta":[],"categories":[65,10],"tags":[],"_links":{"self":[{"href":"https:\/\/www.mouthiers-sur-boeme.fr\/index.php?rest_route=\/wp\/v2\/posts\/5084"}],"collection":[{"href":"https:\/\/www.mouthiers-sur-boeme.fr\/index.php?rest_route=\/wp\/v2\/posts"}],"about":[{"href":"https:\/\/www.mouthiers-sur-boeme.fr\/index.php?rest_route=\/wp\/v2\/types\/post"}],"author":[{"embeddable":true,"href":"https:\/\/www.mouthiers-sur-boeme.fr\/index.php?rest_route=\/wp\/v2\/users\/22"}],"replies":[{"embeddable":true,"href":"https:\/\/www.mouthiers-sur-boeme.fr\/index.php?rest_route=%2Fwp%2Fv2%2Fcomments&post=5084"}],"version-history":[{"count":3,"href":"https:\/\/www.mouthiers-sur-boeme.fr\/index.php?rest_route=\/wp\/v2\/posts\/5084\/revisions"}],"predecessor-version":[{"id":5089,"href":"https:\/\/www.mouthiers-sur-boeme.fr\/index.php?rest_route=\/wp\/v2\/posts\/5084\/revisions\/5089"}],"wp:attachment":[{"href":"https:\/\/www.mouthiers-sur-boeme.fr\/index.php?rest_route=%2Fwp%2Fv2%2Fmedia&parent=5084"}],"wp:term":[{"taxonomy":"category","embeddable":true,"href":"https:\/\/www.mouthiers-sur-boeme.fr\/index.php?rest_route=%2Fwp%2Fv2%2Fcategories&post=5084"},{"taxonomy":"post_tag","embeddable":true,"href":"https:\/\/www.mouthiers-sur-boeme.fr\/index.php?rest_route=%2Fwp%2Fv2%2Ftags&post=5084"}],"curies":[{"name":"wp","href":"https:\/\/api.w.org\/{rel}","templated":true}]}}