{"id":5103,"date":"2018-01-18T07:35:02","date_gmt":"2018-01-18T06:35:02","guid":{"rendered":"https:\/\/www.mouthiers-sur-boeme.fr\/?p=5103"},"modified":"2018-02-20T09:32:53","modified_gmt":"2018-02-20T08:32:53","slug":"cinema-la-villa-le-8-fevrier-a-20h30-a-la-mjc","status":"publish","type":"post","link":"https:\/\/www.mouthiers-sur-boeme.fr\/?p=5103","title":{"rendered":"Cin\u00e9ma   :   LA VILLA       le 8 F\u00e9vrier \u00e0  20h30 \u00e0 la  MJC"},"content":{"rendered":"<p><a href=\"https:\/\/www.mouthiers-sur-boeme.fr\/wp-content\/uploads\/2018\/01\/LA-VILLA.jpg\"><img loading=\"lazy\" class=\"alignnone size-medium wp-image-5104\" src=\"https:\/\/www.mouthiers-sur-boeme.fr\/wp-content\/uploads\/2018\/01\/LA-VILLA-221x300.jpg\" alt=\"\" width=\"221\" height=\"300\" \/><\/a><\/p>\n<header>\n<h1 class=\"crayon article-titre-933 \">La Villa<\/h1>\n<div class=\"chapo crayon article-chapo-933 clearfix\">\n<p>De <strong>Robert Gu\u00e9diguian<\/strong><br class=\"autobr\" \/> Avec <strong>Ariane Ascaride, Jean-Pierre Darroussin, G\u00e9rard Meylan<\/strong><br class=\"autobr\" \/> Genre <strong>Drame<\/strong><br class=\"autobr\" \/> Nationalit\u00e9 <strong>fran\u00e7ais<\/strong> <br class=\"autobr\" \/> Dur\u00e9e <strong>1h 47<\/strong><\/p>\n<\/div>\n<\/header>\n<hr \/>\n<div class=\"crayon article-texte-933 clearfix\">\n<p>Dans une calanque pr\u00e8s de Marseille, au creux de l\u2019hiver, Ang\u00e8le, Joseph et Armand, se rassemblent autour de leur p\u00e8re vieillissant. C\u2019est le moment pour eux de mesurer ce qu\u2019ils ont conserv\u00e9 de l\u2019id\u00e9al qu\u2019il leur a transmis, du monde de fraternit\u00e9 qu\u2019il avait b\u00e2ti dans ce lieu magique, autour d\u2019un restaurant ouvrier dont Armand, le fils ain\u00e9, continue de s\u2019occuper. Lorsque de nouveaux arrivants venus de la mer vont bouleverser leurs r\u00e9flexions\u2026<\/p>\n<p><a href=\"http:\/\/www.crcatb.fr\/films-cinema-charente-crcatb\/article\/la-villa-933\">Bande Annonce <\/a><\/p>\n<\/div>\n","protected":false},"excerpt":{"rendered":"<p>La Villa De Robert Gu\u00e9diguian Avec Ariane Ascaride, Jean-Pierre Darroussin, G\u00e9rard Meylan Genre Drame Nationalit\u00e9 fran\u00e7ais Dur\u00e9e 1h 47 Dans une calanque pr\u00e8s de Marseille, au creux de l\u2019hiver, Ang\u00e8le, Joseph et Armand, se rassemblent autour de leur p\u00e8re vieillissant. C\u2019est le moment pour eux de mesurer ce qu\u2019ils ont conserv\u00e9 de l\u2019id\u00e9al qu\u2019il leur &hellip; <a href=\"https:\/\/www.mouthiers-sur-boeme.fr\/?p=5103\" class=\"more-link\">Continuer la lecture de <span class=\"screen-reader-text\">Cin\u00e9ma   :   LA VILLA       le 8 F\u00e9vrier \u00e0  20h30 \u00e0 la  MJC<\/span>  <span class=\"meta-nav\">&rarr;<\/span><\/a><\/p>\n","protected":false},"author":22,"featured_media":0,"comment_status":"open","ping_status":"open","sticky":false,"template":"","format":"standard","meta":[],"categories":[65],"tags":[],"_links":{"self":[{"href":"https:\/\/www.mouthiers-sur-boeme.fr\/index.php?rest_route=\/wp\/v2\/posts\/5103"}],"collection":[{"href":"https:\/\/www.mouthiers-sur-boeme.fr\/index.php?rest_route=\/wp\/v2\/posts"}],"about":[{"href":"https:\/\/www.mouthiers-sur-boeme.fr\/index.php?rest_route=\/wp\/v2\/types\/post"}],"author":[{"embeddable":true,"href":"https:\/\/www.mouthiers-sur-boeme.fr\/index.php?rest_route=\/wp\/v2\/users\/22"}],"replies":[{"embeddable":true,"href":"https:\/\/www.mouthiers-sur-boeme.fr\/index.php?rest_route=%2Fwp%2Fv2%2Fcomments&post=5103"}],"version-history":[{"count":4,"href":"https:\/\/www.mouthiers-sur-boeme.fr\/index.php?rest_route=\/wp\/v2\/posts\/5103\/revisions"}],"predecessor-version":[{"id":5109,"href":"https:\/\/www.mouthiers-sur-boeme.fr\/index.php?rest_route=\/wp\/v2\/posts\/5103\/revisions\/5109"}],"wp:attachment":[{"href":"https:\/\/www.mouthiers-sur-boeme.fr\/index.php?rest_route=%2Fwp%2Fv2%2Fmedia&parent=5103"}],"wp:term":[{"taxonomy":"category","embeddable":true,"href":"https:\/\/www.mouthiers-sur-boeme.fr\/index.php?rest_route=%2Fwp%2Fv2%2Fcategories&post=5103"},{"taxonomy":"post_tag","embeddable":true,"href":"https:\/\/www.mouthiers-sur-boeme.fr\/index.php?rest_route=%2Fwp%2Fv2%2Ftags&post=5103"}],"curies":[{"name":"wp","href":"https:\/\/api.w.org\/{rel}","templated":true}]}}