{"id":5154,"date":"2018-02-17T14:00:39","date_gmt":"2018-02-17T13:00:39","guid":{"rendered":"https:\/\/www.mouthiers-sur-boeme.fr\/?p=5154"},"modified":"2018-03-17T14:49:16","modified_gmt":"2018-03-17T13:49:16","slug":"distribution-des-sacs-jaunes-place-du-champ-de-foire","status":"publish","type":"post","link":"https:\/\/www.mouthiers-sur-boeme.fr\/?p=5154","title":{"rendered":"Distribution des sacs jaunes &#8211; Place du Champ de Foire"},"content":{"rendered":"<p>MARDI 27 &#8211; MERCREDI 28 ET JEUDI 1er MARS : BUS<\/p>\n<p>De 14h00 \u00e0 18h00<\/p>\n<p>Distribution des sacs jaunes. Concerne les personnes du GrandAngoul\u00eame, r\u00e9sidant en habitat pavillonnaire. ATTENTION : Munissez-vous d&rsquo;un justificatif de domicile de moins de 6 mois (factures d&rsquo;eau, d&rsquo;\u00e9lectricit\u00e9,&#8230;)<\/p>\n<p>Les personnes disposant d&rsquo;un bac individuel de la collectivit\u00e9, doivent fournir la convention de mise \u00e0 disposition de ce bac, afin d&rsquo;\u00eatre enregistr\u00e9 plus rapidement.<\/p>\n<p>Pour tout compl\u00e9ment d&rsquo;information : le num\u00e9ro vert 0 800 77 99 20 du lundi au vendredi de 8h30 \u00e0 12h00 et de 13h30 \u00e0 17h30 (17h00 le vendredi). www.pluspropremaville.fr<\/p>\n","protected":false},"excerpt":{"rendered":"<p>MARDI 27 &#8211; MERCREDI 28 ET JEUDI 1er MARS : BUS De 14h00 \u00e0 18h00 Distribution des sacs jaunes. Concerne les personnes du GrandAngoul\u00eame, r\u00e9sidant en habitat pavillonnaire. ATTENTION : Munissez-vous d&rsquo;un justificatif de domicile de moins de 6 mois (factures d&rsquo;eau, d&rsquo;\u00e9lectricit\u00e9,&#8230;) Les personnes disposant d&rsquo;un bac individuel de la collectivit\u00e9, doivent fournir la &hellip; <a href=\"https:\/\/www.mouthiers-sur-boeme.fr\/?p=5154\" class=\"more-link\">Continuer la lecture de <span class=\"screen-reader-text\">Distribution des sacs jaunes &#8211; Place du Champ de Foire<\/span>  <span class=\"meta-nav\">&rarr;<\/span><\/a><\/p>\n","protected":false},"author":22,"featured_media":0,"comment_status":"open","ping_status":"open","sticky":false,"template":"","format":"standard","meta":[],"categories":[1],"tags":[],"_links":{"self":[{"href":"https:\/\/www.mouthiers-sur-boeme.fr\/index.php?rest_route=\/wp\/v2\/posts\/5154"}],"collection":[{"href":"https:\/\/www.mouthiers-sur-boeme.fr\/index.php?rest_route=\/wp\/v2\/posts"}],"about":[{"href":"https:\/\/www.mouthiers-sur-boeme.fr\/index.php?rest_route=\/wp\/v2\/types\/post"}],"author":[{"embeddable":true,"href":"https:\/\/www.mouthiers-sur-boeme.fr\/index.php?rest_route=\/wp\/v2\/users\/22"}],"replies":[{"embeddable":true,"href":"https:\/\/www.mouthiers-sur-boeme.fr\/index.php?rest_route=%2Fwp%2Fv2%2Fcomments&post=5154"}],"version-history":[{"count":2,"href":"https:\/\/www.mouthiers-sur-boeme.fr\/index.php?rest_route=\/wp\/v2\/posts\/5154\/revisions"}],"predecessor-version":[{"id":5195,"href":"https:\/\/www.mouthiers-sur-boeme.fr\/index.php?rest_route=\/wp\/v2\/posts\/5154\/revisions\/5195"}],"wp:attachment":[{"href":"https:\/\/www.mouthiers-sur-boeme.fr\/index.php?rest_route=%2Fwp%2Fv2%2Fmedia&parent=5154"}],"wp:term":[{"taxonomy":"category","embeddable":true,"href":"https:\/\/www.mouthiers-sur-boeme.fr\/index.php?rest_route=%2Fwp%2Fv2%2Fcategories&post=5154"},{"taxonomy":"post_tag","embeddable":true,"href":"https:\/\/www.mouthiers-sur-boeme.fr\/index.php?rest_route=%2Fwp%2Fv2%2Ftags&post=5154"}],"curies":[{"name":"wp","href":"https:\/\/api.w.org\/{rel}","templated":true}]}}