{"id":5163,"date":"2018-02-28T15:35:10","date_gmt":"2018-02-28T14:35:10","guid":{"rendered":"https:\/\/www.mouthiers-sur-boeme.fr\/?p=5163"},"modified":"2018-06-03T08:49:01","modified_gmt":"2018-06-03T07:49:01","slug":"concours-photographie","status":"publish","type":"post","link":"https:\/\/www.mouthiers-sur-boeme.fr\/?p=5163","title":{"rendered":"Concours photographie"},"content":{"rendered":"<p><strong>Dans le cadre du festival \u00ab\u00a0Mouthiers f\u00eate la biodiversit\u00e9\u00a0\u00bb (27 au 29 avril 2018),<br \/>\nest organis\u00e9 un concours photos ouvert \u00e0 tous les amoureux de la nature, les amateurs de photographie et les curieux des richesses monast\u00e9riennes, petits et grands.<\/strong><\/p>\n<p><a href=\"https:\/\/www.mouthiers-sur-boeme.fr\/wp-content\/uploads\/2018\/02\/tract-concours-internet.jpg\"><img loading=\"lazy\" class=\"aligncenter size-medium wp-image-5164\" src=\"https:\/\/www.mouthiers-sur-boeme.fr\/wp-content\/uploads\/2018\/02\/tract-concours-internet-228x300.jpg\" alt=\"\" width=\"228\" height=\"300\" srcset=\"https:\/\/www.mouthiers-sur-boeme.fr\/wp-content\/uploads\/2018\/02\/tract-concours-internet-228x300.jpg 228w, https:\/\/www.mouthiers-sur-boeme.fr\/wp-content\/uploads\/2018\/02\/tract-concours-internet.jpg 682w\" sizes=\"(max-width: 228px) 100vw, 228px\" \/><\/a><\/p>\n<p><strong>R\u00e8glement du concours photos<\/strong><!--more--><\/p>\n<ul>\n<li>Chacun peut participer et concourir dans les trois cat\u00e9gories <strong>\u00ab\u00a0 faune\u00a0\u00bb, \u00ab\u00a0flore\u00a0\u00bb et \u00ab\u00a0paysage\u00a0\u00bb<\/strong>, \u00e0 raison de <u>1 photo par cat\u00e9gorie<\/u>, soit un maximum de 3 photos par personne.<\/li>\n<li>Les photos doivent \u00eatre <u>identifi\u00e9es avec la date et le lieu de la prise de vue<\/u> (<em>seules seront prises en compte les photos correspondant au territoire de la commune<\/em>).<\/li>\n<li>A propos de la faune, tous les animaux non domestiqu\u00e9s sont concern\u00e9s \u00e0 condition d\u2019\u00eatre saisis dans leur milieu naturel sauf nids et nichoirs pour des raisons de protection (<em>pas de clapier, de cage\u2026<\/em>).<\/li>\n<li><strong>Les photos sont \u00e0 envoyer <u>sur papier<\/u><\/strong><u>, format 18&#215;24, non mont\u00e9es et sans bordures<\/u>, noir et blanc ou couleur (avec au dos une \u00e9tiquette portant le <u>nom du photographe et les caract\u00e9ristiques<\/u> cit\u00e9es ci-dessous) <strong>\u00e0 la mairie de Mouthiers <u>avant le 15 avril 2018<\/u><\/strong>.<\/li>\n<\/ul>\n<p><em>NB\u00a0: En vue d\u2019archivage, il est \u00e9ventuellement possible d\u2019envoyer \u00e9galement les photos par voie num\u00e9rique \u00e0 l\u2019adresse <\/em><a href=\"mailto:biodiversite@mouthiers-sur-boeme.fr\"><em>biodiversite@mouthiers-sur-boeme.fr<\/em><\/a> <strong><em>par l\u2019interm\u00e9diaire d\u2019un logiciel de transfert<\/em><\/strong><em> (comme par exemple \u00ab\u00a0WeTransfer\u00a0\u00bb) ou par cl\u00e9 USB.<\/em><\/p>\n<ul>\n<li>Les caract\u00e9ristiques devant figurer au dos de l\u2019image\u00a0sont les suivantes : <u>nom, pr\u00e9nom, \u00e2ge, adresse et cat\u00e9gorie<\/u> (avec si possible identification du sujet photographi\u00e9).<\/li>\n<li>Les photos seront envoy\u00e9es \u00e0 l\u2019adresse suivante\u00a0:<\/li>\n<\/ul>\n<p><strong>Concours photographique du festival sur la biodiversit\u00e9<\/strong><\/p>\n<p><strong>Mairie de Mouthiers<\/strong><\/p>\n<p><strong>Place du champ de foire<\/strong><\/p>\n<p><strong>16440 Mouthiers sur Boeme<\/strong><\/p>\n<p>Les clich\u00e9s laur\u00e9ats seront d\u00e9sign\u00e9s par le jury.<\/p>\n<p>Un prix coup du c\u0153ur du public (un enfant et un adulte) sera aussi attribu\u00e9 \u00e0 l\u2019issue du festival.<\/p>\n<p>Les laur\u00e9ats (enfants et adultes) de chaque cat\u00e9gorie recevront un cadeau sur la biodiversit\u00e9.<\/p>\n<p><strong>La remise des prix s\u2019effectuera <u>le dimanche 29 avril 2018<\/u> dans l\u2019apr\u00e8s-midi.<\/strong><\/p>\n<p><a href=\"https:\/\/www.mouthiers-sur-boeme.fr\/wp-content\/uploads\/2018\/02\/tract-concours-internet.jpg\">Toutes les photos re\u00e7ues et retenues seront expos\u00e9es <strong>du 27 avril au 5 mai 2018 \u00e0 la mairie de Mouthiers, salle des mariages<\/strong><\/a><\/p>\n","protected":false},"excerpt":{"rendered":"<p>Dans le cadre du festival \u00ab\u00a0Mouthiers f\u00eate la biodiversit\u00e9\u00a0\u00bb (27 au 29 avril 2018), est organis\u00e9 un concours photos ouvert \u00e0 tous les amoureux de la nature, les amateurs de photographie et les curieux des richesses monast\u00e9riennes, petits et grands. R\u00e8glement du concours photos<\/p>\n","protected":false},"author":22,"featured_media":0,"comment_status":"open","ping_status":"open","sticky":false,"template":"","format":"standard","meta":[],"categories":[4,67],"tags":[],"_links":{"self":[{"href":"https:\/\/www.mouthiers-sur-boeme.fr\/index.php?rest_route=\/wp\/v2\/posts\/5163"}],"collection":[{"href":"https:\/\/www.mouthiers-sur-boeme.fr\/index.php?rest_route=\/wp\/v2\/posts"}],"about":[{"href":"https:\/\/www.mouthiers-sur-boeme.fr\/index.php?rest_route=\/wp\/v2\/types\/post"}],"author":[{"embeddable":true,"href":"https:\/\/www.mouthiers-sur-boeme.fr\/index.php?rest_route=\/wp\/v2\/users\/22"}],"replies":[{"embeddable":true,"href":"https:\/\/www.mouthiers-sur-boeme.fr\/index.php?rest_route=%2Fwp%2Fv2%2Fcomments&post=5163"}],"version-history":[{"count":2,"href":"https:\/\/www.mouthiers-sur-boeme.fr\/index.php?rest_route=\/wp\/v2\/posts\/5163\/revisions"}],"predecessor-version":[{"id":5305,"href":"https:\/\/www.mouthiers-sur-boeme.fr\/index.php?rest_route=\/wp\/v2\/posts\/5163\/revisions\/5305"}],"wp:attachment":[{"href":"https:\/\/www.mouthiers-sur-boeme.fr\/index.php?rest_route=%2Fwp%2Fv2%2Fmedia&parent=5163"}],"wp:term":[{"taxonomy":"category","embeddable":true,"href":"https:\/\/www.mouthiers-sur-boeme.fr\/index.php?rest_route=%2Fwp%2Fv2%2Fcategories&post=5163"},{"taxonomy":"post_tag","embeddable":true,"href":"https:\/\/www.mouthiers-sur-boeme.fr\/index.php?rest_route=%2Fwp%2Fv2%2Ftags&post=5163"}],"curies":[{"name":"wp","href":"https:\/\/api.w.org\/{rel}","templated":true}]}}