{"id":5178,"date":"2018-03-17T14:51:04","date_gmt":"2018-03-17T13:51:04","guid":{"rendered":"https:\/\/www.mouthiers-sur-boeme.fr\/?p=5178"},"modified":"2018-09-30T07:57:40","modified_gmt":"2018-09-30T06:57:40","slug":"les-annees-70-carnaval-samedi-31-mars-2018","status":"publish","type":"post","link":"https:\/\/www.mouthiers-sur-boeme.fr\/?p=5178","title":{"rendered":"Les ann\u00e9es 70 &#8211; CARNAVAL &#8211; Samedi 31 mars 2018"},"content":{"rendered":"<p><a href=\"https:\/\/www.mouthiers-sur-boeme.fr\/wp-content\/uploads\/2018\/03\/AffA3_CARNAVAL18_v5.pdf\">AffA3_CARNAVAL18_v5<\/a><\/p>\n<p><a href=\"https:\/\/www.mouthiers-sur-boeme.fr\/wp-content\/uploads\/2018\/03\/Carnaval.jpg\"><img loading=\"lazy\" class=\"aligncenter size-medium wp-image-5197\" src=\"https:\/\/www.mouthiers-sur-boeme.fr\/wp-content\/uploads\/2018\/03\/Carnaval-300x265.jpg\" alt=\"\" width=\"300\" height=\"265\" \/><\/a>Le carnaval est l\u00e0 : CLAIX vendredi 16 mars ; PLASSAC-VOULGEZAC samedi 17 mars ; ROULLET vendredi 23 ; VOUEIL-ET-GIGET samedi 24 ; SIREUIL vendredi 30 et le bouquet final se fera \u00e0 MOUTHIERS samedi 31 \u00e0 16 h place du champ de foire.<\/p>\n<p>Le 31 la soir\u00e9e se terminera par un repas musical ann\u00e9e 70.<\/p>\n","protected":false},"excerpt":{"rendered":"<p>AffA3_CARNAVAL18_v5 Le carnaval est l\u00e0 : CLAIX vendredi 16 mars ; PLASSAC-VOULGEZAC samedi 17 mars ; ROULLET vendredi 23 ; VOUEIL-ET-GIGET samedi 24 ; SIREUIL vendredi 30 et le bouquet final se fera \u00e0 MOUTHIERS samedi 31 \u00e0 16 h place du champ de foire. Le 31 la soir\u00e9e se terminera par un repas musical &hellip; <a href=\"https:\/\/www.mouthiers-sur-boeme.fr\/?p=5178\" class=\"more-link\">Continuer la lecture de <span class=\"screen-reader-text\">Les ann\u00e9es 70 &#8211; CARNAVAL &#8211; Samedi 31 mars 2018<\/span>  <span class=\"meta-nav\">&rarr;<\/span><\/a><\/p>\n","protected":false},"author":22,"featured_media":0,"comment_status":"open","ping_status":"open","sticky":false,"template":"","format":"standard","meta":[],"categories":[75,12],"tags":[],"_links":{"self":[{"href":"https:\/\/www.mouthiers-sur-boeme.fr\/index.php?rest_route=\/wp\/v2\/posts\/5178"}],"collection":[{"href":"https:\/\/www.mouthiers-sur-boeme.fr\/index.php?rest_route=\/wp\/v2\/posts"}],"about":[{"href":"https:\/\/www.mouthiers-sur-boeme.fr\/index.php?rest_route=\/wp\/v2\/types\/post"}],"author":[{"embeddable":true,"href":"https:\/\/www.mouthiers-sur-boeme.fr\/index.php?rest_route=\/wp\/v2\/users\/22"}],"replies":[{"embeddable":true,"href":"https:\/\/www.mouthiers-sur-boeme.fr\/index.php?rest_route=%2Fwp%2Fv2%2Fcomments&post=5178"}],"version-history":[{"count":7,"href":"https:\/\/www.mouthiers-sur-boeme.fr\/index.php?rest_route=\/wp\/v2\/posts\/5178\/revisions"}],"predecessor-version":[{"id":5256,"href":"https:\/\/www.mouthiers-sur-boeme.fr\/index.php?rest_route=\/wp\/v2\/posts\/5178\/revisions\/5256"}],"wp:attachment":[{"href":"https:\/\/www.mouthiers-sur-boeme.fr\/index.php?rest_route=%2Fwp%2Fv2%2Fmedia&parent=5178"}],"wp:term":[{"taxonomy":"category","embeddable":true,"href":"https:\/\/www.mouthiers-sur-boeme.fr\/index.php?rest_route=%2Fwp%2Fv2%2Fcategories&post=5178"},{"taxonomy":"post_tag","embeddable":true,"href":"https:\/\/www.mouthiers-sur-boeme.fr\/index.php?rest_route=%2Fwp%2Fv2%2Ftags&post=5178"}],"curies":[{"name":"wp","href":"https:\/\/api.w.org\/{rel}","templated":true}]}}