{"id":5187,"date":"2018-03-25T15:40:26","date_gmt":"2018-03-25T14:40:26","guid":{"rendered":"https:\/\/www.mouthiers-sur-boeme.fr\/?p=5187"},"modified":"2018-03-30T06:32:22","modified_gmt":"2018-03-30T05:32:22","slug":"fete-de-la-musique-21-juin-2018","status":"publish","type":"post","link":"https:\/\/www.mouthiers-sur-boeme.fr\/?p=5187","title":{"rendered":"FETE DE LA MUSIQUE &#8211; 21 JUIN 2018"},"content":{"rendered":"<p>Pour la deuxi\u00e8me ann\u00e9e, la commune de Mouthiers organise la f\u00eate de la musique.<\/p>\n<p>Si vous \u00eates musiciens et que vous \u00eates int\u00e9ress\u00e9s : rendez-vous mardi 27 mars \u00e0 18h30 &#8211; Salle du conseil &#8211; Mairie<a href=\"https:\/\/www.mouthiers-sur-boeme.fr\/wp-content\/uploads\/2018\/03\/DSC_0019.jpg\"><img loading=\"lazy\" class=\"aligncenter size-medium wp-image-5206\" src=\"https:\/\/www.mouthiers-sur-boeme.fr\/wp-content\/uploads\/2018\/03\/DSC_0019-300x206.jpg\" alt=\"\" width=\"300\" height=\"206\" srcset=\"https:\/\/www.mouthiers-sur-boeme.fr\/wp-content\/uploads\/2018\/03\/DSC_0019-300x206.jpg 300w, https:\/\/www.mouthiers-sur-boeme.fr\/wp-content\/uploads\/2018\/03\/DSC_0019-768x527.jpg 768w, https:\/\/www.mouthiers-sur-boeme.fr\/wp-content\/uploads\/2018\/03\/DSC_0019-1024x702.jpg 1024w\" sizes=\"(max-width: 300px) 100vw, 300px\" \/><\/a><\/p>\n","protected":false},"excerpt":{"rendered":"<p>Pour la deuxi\u00e8me ann\u00e9e, la commune de Mouthiers organise la f\u00eate de la musique. Si vous \u00eates musiciens et que vous \u00eates int\u00e9ress\u00e9s : rendez-vous mardi 27 mars \u00e0 18h30 &#8211; Salle du conseil &#8211; Mairie<\/p>\n","protected":false},"author":22,"featured_media":0,"comment_status":"open","ping_status":"open","sticky":false,"template":"","format":"standard","meta":[],"categories":[74],"tags":[],"_links":{"self":[{"href":"https:\/\/www.mouthiers-sur-boeme.fr\/index.php?rest_route=\/wp\/v2\/posts\/5187"}],"collection":[{"href":"https:\/\/www.mouthiers-sur-boeme.fr\/index.php?rest_route=\/wp\/v2\/posts"}],"about":[{"href":"https:\/\/www.mouthiers-sur-boeme.fr\/index.php?rest_route=\/wp\/v2\/types\/post"}],"author":[{"embeddable":true,"href":"https:\/\/www.mouthiers-sur-boeme.fr\/index.php?rest_route=\/wp\/v2\/users\/22"}],"replies":[{"embeddable":true,"href":"https:\/\/www.mouthiers-sur-boeme.fr\/index.php?rest_route=%2Fwp%2Fv2%2Fcomments&post=5187"}],"version-history":[{"count":3,"href":"https:\/\/www.mouthiers-sur-boeme.fr\/index.php?rest_route=\/wp\/v2\/posts\/5187\/revisions"}],"predecessor-version":[{"id":5208,"href":"https:\/\/www.mouthiers-sur-boeme.fr\/index.php?rest_route=\/wp\/v2\/posts\/5187\/revisions\/5208"}],"wp:attachment":[{"href":"https:\/\/www.mouthiers-sur-boeme.fr\/index.php?rest_route=%2Fwp%2Fv2%2Fmedia&parent=5187"}],"wp:term":[{"taxonomy":"category","embeddable":true,"href":"https:\/\/www.mouthiers-sur-boeme.fr\/index.php?rest_route=%2Fwp%2Fv2%2Fcategories&post=5187"},{"taxonomy":"post_tag","embeddable":true,"href":"https:\/\/www.mouthiers-sur-boeme.fr\/index.php?rest_route=%2Fwp%2Fv2%2Ftags&post=5187"}],"curies":[{"name":"wp","href":"https:\/\/api.w.org\/{rel}","templated":true}]}}