{"id":5215,"date":"2018-03-17T16:23:53","date_gmt":"2018-03-17T15:23:53","guid":{"rendered":"https:\/\/www.mouthiers-sur-boeme.fr\/?p=5215"},"modified":"2018-03-17T16:24:20","modified_gmt":"2018-03-17T15:24:20","slug":"2203-la-vie-secrete-des-mares-sources","status":"publish","type":"post","link":"https:\/\/www.mouthiers-sur-boeme.fr\/?p=5215","title":{"rendered":"22\/03 \u00ab\u00a0La vie secr\u00e8te des mares &#038; sources\u00a0\u00bb"},"content":{"rendered":"<div><span style=\"color: #0b5394; font-family: tahoma, sans-serif;\">Dans le cadre du dispostif \u00ab\u00a0Trame verte &amp; bleue\u00a0\u00bb port\u00e9 par la R\u00e9gion,<\/span><\/div>\n<div><span style=\"color: #0b5394; font-family: tahoma, sans-serif;\"><b>La Ville d&rsquo;Angoul\u00eame et Charente Nature vous invitent \u00e0 un soir\u00e9e\u00a0<\/b><\/span><\/div>\n<div><span style=\"color: #0b5394; font-family: tahoma, sans-serif;\"><a href=\"https:\/\/www.mouthiers-sur-boeme.fr\/wp-content\/uploads\/2018\/03\/soir\u00e9e_mares_22mars.jpg\"><img loading=\"lazy\" class=\"aligncenter size-medium wp-image-5216\" src=\"https:\/\/www.mouthiers-sur-boeme.fr\/wp-content\/uploads\/2018\/03\/soir\u00e9e_mares_22mars-218x300.jpg\" alt=\"\" width=\"218\" height=\"300\" srcset=\"https:\/\/www.mouthiers-sur-boeme.fr\/wp-content\/uploads\/2018\/03\/soir\u00e9e_mares_22mars-218x300.jpg 218w, https:\/\/www.mouthiers-sur-boeme.fr\/wp-content\/uploads\/2018\/03\/soir\u00e9e_mares_22mars-768x1056.jpg 768w, https:\/\/www.mouthiers-sur-boeme.fr\/wp-content\/uploads\/2018\/03\/soir\u00e9e_mares_22mars-745x1024.jpg 745w\" sizes=\"(max-width: 218px) 100vw, 218px\" \/><\/a><\/span><\/div>\n<div><span style=\"color: #0b5394; font-family: tahoma, sans-serif;\">\u00a0<\/span><\/div>\n<div>\n<div><b>Rendez-vous \u00e0 la salle des f\u00eates du Petit Fresquet\u00a0<\/b><\/div>\n<div>(rue de la Belle all\u00e9e du Petit Fresquet)<\/div>\n<div><b><span id=\"OBJ_PREFIX_DWT971_com_zimbra_date\" class=\"Object\" role=\"link\">Jeudi 22 mars 2018<\/span> \u00e0 18h30\u00a0<\/b><\/div>\n<div><b>Diaporama suivi d\u2019une sortie nature<br \/>\n<\/b><\/div>\n<p><span style=\"color: #0b5394; font-family: tahoma, sans-serif;\"><br \/>\n<\/span><\/p>\n<div>Gratuit et ouvert \u00e0 tous<\/div>\n<div>Pr\u00e9voir des v\u00eatements adapt\u00e9s aux conditions climatiques<\/div>\n<p><span style=\"color: #0b5394; font-family: tahoma, sans-serif;\"><br \/>\n<\/span><\/p>\n<div>contact :\u00a0<span id=\"OBJ_PREFIX_DWT972_ZmEmailObjectHandler\" class=\"Object\" role=\"link\"><a href=\"mailto:e.ortholan@mairie-angouleme.fr\" target=\"_blank\" rel=\"noopener\">e.ortholan@mairie-angouleme.fr<\/a><\/span>\u00a0ou <span id=\"OBJ_PREFIX_DWT973_com_zimbra_phone\" class=\"Object\" role=\"link\"><a href=\"callto:05 45 38 71 48\">05 45 38 71 48<\/a><\/span><\/div>\n<\/div>\n","protected":false},"excerpt":{"rendered":"<p>Dans le cadre du dispostif \u00ab\u00a0Trame verte &amp; bleue\u00a0\u00bb port\u00e9 par la R\u00e9gion, La Ville d&rsquo;Angoul\u00eame et Charente Nature vous invitent \u00e0 un soir\u00e9e\u00a0 \u00a0 Rendez-vous \u00e0 la salle des f\u00eates du Petit Fresquet\u00a0 (rue de la Belle all\u00e9e du Petit Fresquet) Jeudi 22 mars 2018 \u00e0 18h30\u00a0 Diaporama suivi d\u2019une sortie nature Gratuit et &hellip; <a href=\"https:\/\/www.mouthiers-sur-boeme.fr\/?p=5215\" class=\"more-link\">Continuer la lecture de <span class=\"screen-reader-text\">22\/03 \u00ab\u00a0La vie secr\u00e8te des mares &#038; sources\u00a0\u00bb<\/span>  <span class=\"meta-nav\">&rarr;<\/span><\/a><\/p>\n","protected":false},"author":22,"featured_media":0,"comment_status":"open","ping_status":"open","sticky":false,"template":"","format":"standard","meta":[],"categories":[4],"tags":[],"_links":{"self":[{"href":"https:\/\/www.mouthiers-sur-boeme.fr\/index.php?rest_route=\/wp\/v2\/posts\/5215"}],"collection":[{"href":"https:\/\/www.mouthiers-sur-boeme.fr\/index.php?rest_route=\/wp\/v2\/posts"}],"about":[{"href":"https:\/\/www.mouthiers-sur-boeme.fr\/index.php?rest_route=\/wp\/v2\/types\/post"}],"author":[{"embeddable":true,"href":"https:\/\/www.mouthiers-sur-boeme.fr\/index.php?rest_route=\/wp\/v2\/users\/22"}],"replies":[{"embeddable":true,"href":"https:\/\/www.mouthiers-sur-boeme.fr\/index.php?rest_route=%2Fwp%2Fv2%2Fcomments&post=5215"}],"version-history":[{"count":1,"href":"https:\/\/www.mouthiers-sur-boeme.fr\/index.php?rest_route=\/wp\/v2\/posts\/5215\/revisions"}],"predecessor-version":[{"id":5217,"href":"https:\/\/www.mouthiers-sur-boeme.fr\/index.php?rest_route=\/wp\/v2\/posts\/5215\/revisions\/5217"}],"wp:attachment":[{"href":"https:\/\/www.mouthiers-sur-boeme.fr\/index.php?rest_route=%2Fwp%2Fv2%2Fmedia&parent=5215"}],"wp:term":[{"taxonomy":"category","embeddable":true,"href":"https:\/\/www.mouthiers-sur-boeme.fr\/index.php?rest_route=%2Fwp%2Fv2%2Fcategories&post=5215"},{"taxonomy":"post_tag","embeddable":true,"href":"https:\/\/www.mouthiers-sur-boeme.fr\/index.php?rest_route=%2Fwp%2Fv2%2Ftags&post=5215"}],"curies":[{"name":"wp","href":"https:\/\/api.w.org\/{rel}","templated":true}]}}