{"id":5297,"date":"2018-04-06T17:58:21","date_gmt":"2018-04-06T16:58:21","guid":{"rendered":"https:\/\/www.mouthiers-sur-boeme.fr\/?p=5297"},"modified":"2018-07-06T16:14:30","modified_gmt":"2018-07-06T15:14:30","slug":"francis-halle-linvite-dhonneur","status":"publish","type":"post","link":"https:\/\/www.mouthiers-sur-boeme.fr\/?p=5297","title":{"rendered":"Francis Hall\u00e9, l&rsquo;invit\u00e9 d&rsquo;honneur"},"content":{"rendered":"<p><strong>\u00a0\u00ab\u00a0Un arbre tout neuf\u00a0\u00bb<\/strong> de Francis Hall\u00e9<\/p>\n<p>Botaniste et biologiste, <strong>Francis Hall\u00e9<\/strong> est sp\u00e9cialiste de l\u2019architecture des arbres et de l\u2019\u00e9cologie des for\u00eats. Infatigable d\u00e9fenseur de la cause de l\u2019arbre, et notamment des for\u00eats primaires, il est l\u2019auteur de nombreux ouvrages tels que <em>Plaidoyer pour l\u2019arbre <\/em>\u00a0ou <em>50 ans d\u2019observation dans les jardins<\/em>, o\u00f9 il conjugue avec talent, connaissances et \u00e9merveillement. Il a notamment dirig\u00e9 des missions scientifiques comme la c\u00e9l\u00e8bre exp\u00e9dition du \u00ab Radeau des cimes \u00bb sur les canop\u00e9es des for\u00eats tropicales.<\/p>\n<p>Avec cette conf\u00e9rence, Francis Hall\u00e9 pr\u00e9sente une vision nouvelle de l&rsquo;arbre, singuli\u00e8re et surprenante, qui en elle-m\u00eame, appelle \u00e0 une modification profonde de notre relation \u00e0 la nature.<\/p>\n<p>&nbsp;<\/p>\n<p>Retrouver les autres conf\u00e9rences ici :<\/p>\n<p><a href=\"https:\/\/www.mouthiers-sur-boeme.fr\/?page_id=5274\">https:\/\/www.mouthiers-sur-boeme.fr\/?page_id=5274<\/a><\/p>\n","protected":false},"excerpt":{"rendered":"<p>\u00a0\u00ab\u00a0Un arbre tout neuf\u00a0\u00bb de Francis Hall\u00e9 Botaniste et biologiste, Francis Hall\u00e9 est sp\u00e9cialiste de l\u2019architecture des arbres et de l\u2019\u00e9cologie des for\u00eats. Infatigable d\u00e9fenseur de la cause de l\u2019arbre, et notamment des for\u00eats primaires, il est l\u2019auteur de nombreux ouvrages tels que Plaidoyer pour l\u2019arbre \u00a0ou 50 ans d\u2019observation dans les jardins, o\u00f9 il &hellip; <a href=\"https:\/\/www.mouthiers-sur-boeme.fr\/?p=5297\" class=\"more-link\">Continuer la lecture de <span class=\"screen-reader-text\">Francis Hall\u00e9, l&rsquo;invit\u00e9 d&rsquo;honneur<\/span>  <span class=\"meta-nav\">&rarr;<\/span><\/a><\/p>\n","protected":false},"author":22,"featured_media":5288,"comment_status":"open","ping_status":"open","sticky":false,"template":"","format":"standard","meta":[],"categories":[76],"tags":[],"_links":{"self":[{"href":"https:\/\/www.mouthiers-sur-boeme.fr\/index.php?rest_route=\/wp\/v2\/posts\/5297"}],"collection":[{"href":"https:\/\/www.mouthiers-sur-boeme.fr\/index.php?rest_route=\/wp\/v2\/posts"}],"about":[{"href":"https:\/\/www.mouthiers-sur-boeme.fr\/index.php?rest_route=\/wp\/v2\/types\/post"}],"author":[{"embeddable":true,"href":"https:\/\/www.mouthiers-sur-boeme.fr\/index.php?rest_route=\/wp\/v2\/users\/22"}],"replies":[{"embeddable":true,"href":"https:\/\/www.mouthiers-sur-boeme.fr\/index.php?rest_route=%2Fwp%2Fv2%2Fcomments&post=5297"}],"version-history":[{"count":1,"href":"https:\/\/www.mouthiers-sur-boeme.fr\/index.php?rest_route=\/wp\/v2\/posts\/5297\/revisions"}],"predecessor-version":[{"id":5298,"href":"https:\/\/www.mouthiers-sur-boeme.fr\/index.php?rest_route=\/wp\/v2\/posts\/5297\/revisions\/5298"}],"wp:featuredmedia":[{"embeddable":true,"href":"https:\/\/www.mouthiers-sur-boeme.fr\/index.php?rest_route=\/wp\/v2\/media\/5288"}],"wp:attachment":[{"href":"https:\/\/www.mouthiers-sur-boeme.fr\/index.php?rest_route=%2Fwp%2Fv2%2Fmedia&parent=5297"}],"wp:term":[{"taxonomy":"category","embeddable":true,"href":"https:\/\/www.mouthiers-sur-boeme.fr\/index.php?rest_route=%2Fwp%2Fv2%2Fcategories&post=5297"},{"taxonomy":"post_tag","embeddable":true,"href":"https:\/\/www.mouthiers-sur-boeme.fr\/index.php?rest_route=%2Fwp%2Fv2%2Ftags&post=5297"}],"curies":[{"name":"wp","href":"https:\/\/api.w.org\/{rel}","templated":true}]}}