{"id":5300,"date":"2018-04-06T18:00:50","date_gmt":"2018-04-06T17:00:50","guid":{"rendered":"https:\/\/www.mouthiers-sur-boeme.fr\/?p=5300"},"modified":"2018-05-06T08:01:19","modified_gmt":"2018-05-06T07:01:19","slug":"samedi-28-avril-projection-lintelligence-des-arbres","status":"publish","type":"post","link":"https:\/\/www.mouthiers-sur-boeme.fr\/?p=5300","title":{"rendered":"Samedi 28 Avril &#8211; Projection \u00ab\u00a0L&rsquo;intelligence des arbres\u00a0\u00bb"},"content":{"rendered":"<p><strong>\u00ab\u00a0L\u2019intelligence des arbres\u00a0\u00bb <\/strong>(<em>Documentaire de 80\u2019 r\u00e9alis\u00e9 par <\/em><em>Julia Dordel et Guido T\u00f6lke<\/em>) &#8211; Samedi 28 avril 16h30 &#8211; MJC<\/p>\n<p>Un forestier en Allemagne, Peter Wohlleben, a observ\u00e9 que les arbres communiquent les uns avec les autres en s&rsquo;occupant avec amour de leur prog\u00e9niture, de leurs anciens et des arbres voisins quand ils sont malades. Il a \u00e9crit le bestseller \u00ab\u00a0La Vie Secr\u00e8te des Arbres\u00a0\u00bb (vendu \u00e0 plus d&rsquo;1 million d&rsquo;exemplaires) qui a \u00e9merveill\u00e9 les amoureux de la nature. Ses affirmations ont \u00e9t\u00e9 confirm\u00e9es par des scientifiques, dont Suzanne Simard, \u00e0 l&rsquo;Universit\u00e9 du \u00ab\u00a0British Columbia\u00a0\u00bb au Canada.<br \/>\nCe documentaire montre le travail minutieux et passionnant des scientifiques, n\u00e9cessaire \u00e0 la compr\u00e9hension des interactions entre les arbres ainsi que les cons\u00e9quences de cette d\u00e9couverte.<br \/>\nCe savoir va changer votre regard sur le vivant, les arbres et les for\u00eats.<\/p>\n","protected":false},"excerpt":{"rendered":"<p>\u00ab\u00a0L\u2019intelligence des arbres\u00a0\u00bb (Documentaire de 80\u2019 r\u00e9alis\u00e9 par Julia Dordel et Guido T\u00f6lke) &#8211; Samedi 28 avril 16h30 &#8211; MJC Un forestier en Allemagne, Peter Wohlleben, a observ\u00e9 que les arbres communiquent les uns avec les autres en s&rsquo;occupant avec amour de leur prog\u00e9niture, de leurs anciens et des arbres voisins quand ils sont malades. &hellip; <a href=\"https:\/\/www.mouthiers-sur-boeme.fr\/?p=5300\" class=\"more-link\">Continuer la lecture de <span class=\"screen-reader-text\">Samedi 28 Avril &#8211; Projection \u00ab\u00a0L&rsquo;intelligence des arbres\u00a0\u00bb<\/span>  <span class=\"meta-nav\">&rarr;<\/span><\/a><\/p>\n","protected":false},"author":22,"featured_media":5249,"comment_status":"open","ping_status":"open","sticky":false,"template":"","format":"standard","meta":[],"categories":[65,76],"tags":[],"_links":{"self":[{"href":"https:\/\/www.mouthiers-sur-boeme.fr\/index.php?rest_route=\/wp\/v2\/posts\/5300"}],"collection":[{"href":"https:\/\/www.mouthiers-sur-boeme.fr\/index.php?rest_route=\/wp\/v2\/posts"}],"about":[{"href":"https:\/\/www.mouthiers-sur-boeme.fr\/index.php?rest_route=\/wp\/v2\/types\/post"}],"author":[{"embeddable":true,"href":"https:\/\/www.mouthiers-sur-boeme.fr\/index.php?rest_route=\/wp\/v2\/users\/22"}],"replies":[{"embeddable":true,"href":"https:\/\/www.mouthiers-sur-boeme.fr\/index.php?rest_route=%2Fwp%2Fv2%2Fcomments&post=5300"}],"version-history":[{"count":1,"href":"https:\/\/www.mouthiers-sur-boeme.fr\/index.php?rest_route=\/wp\/v2\/posts\/5300\/revisions"}],"predecessor-version":[{"id":5301,"href":"https:\/\/www.mouthiers-sur-boeme.fr\/index.php?rest_route=\/wp\/v2\/posts\/5300\/revisions\/5301"}],"wp:featuredmedia":[{"embeddable":true,"href":"https:\/\/www.mouthiers-sur-boeme.fr\/index.php?rest_route=\/wp\/v2\/media\/5249"}],"wp:attachment":[{"href":"https:\/\/www.mouthiers-sur-boeme.fr\/index.php?rest_route=%2Fwp%2Fv2%2Fmedia&parent=5300"}],"wp:term":[{"taxonomy":"category","embeddable":true,"href":"https:\/\/www.mouthiers-sur-boeme.fr\/index.php?rest_route=%2Fwp%2Fv2%2Fcategories&post=5300"},{"taxonomy":"post_tag","embeddable":true,"href":"https:\/\/www.mouthiers-sur-boeme.fr\/index.php?rest_route=%2Fwp%2Fv2%2Ftags&post=5300"}],"curies":[{"name":"wp","href":"https:\/\/api.w.org\/{rel}","templated":true}]}}