{"id":5332,"date":"2018-04-16T10:34:38","date_gmt":"2018-04-16T09:34:38","guid":{"rendered":"https:\/\/www.mouthiers-sur-boeme.fr\/?p=5332"},"modified":"2018-04-16T10:41:59","modified_gmt":"2018-04-16T09:41:59","slug":"ma-commune-cest-pas-ta-poubelle-2-le-retour","status":"publish","type":"post","link":"https:\/\/www.mouthiers-sur-boeme.fr\/?p=5332","title":{"rendered":"Ma commune c&rsquo;est pas ta poubelle 2, le retour !"},"content":{"rendered":"<p>Le conseil municipal des jeunes de Mouthiers sur Bo\u00ebme, organise pour la deuxi\u00e8me fois un nettoyage de notre commune. Pour vous joindre \u00e0 cette action, vous pouvez retrouver un groupe \u00e0 un des points de ralliement mentionn\u00e9s ci-dessous.<\/p>\n<p><span style=\"color: #000000;\"><b>Les familles, les amis et les voisins seront les bienvenus.<\/b><\/span><\/p>\n<p>Pr\u00e9voir gants \u00e9pais et gilets jaunes. <span style=\"color: #000000;\">Des sacs noirs et jaunes seront fournis par la mairie.<\/span><\/p>\n<p><u>Points de ralliement<\/u><\/p>\n<ul>\n<li><strong>Les Justices<\/strong>: Aire de co-voiturage<\/li>\n<li><strong>Les Rosiers<\/strong>: Abris bus \u00e0 La Font du Rossignol<\/li>\n<li><strong>Les Naulets<\/strong>: Place des ch\u00eanes<\/li>\n<li><strong>Les Rois<\/strong>: Rue Bois Rablons<\/li>\n<li><strong>Gersac\u00a0<\/strong>: La Fontaine-Le Lavoir<\/li>\n<\/ul>\n<p><a href=\"https:\/\/www.mouthiers-sur-boeme.fr\/wp-content\/uploads\/2018\/04\/libellule-carre.jpg\"><img loading=\"lazy\" class=\"aligncenter wp-image-5261 size-thumbnail\" src=\"https:\/\/www.mouthiers-sur-boeme.fr\/wp-content\/uploads\/2018\/04\/libellule-carre-150x150.jpg\" alt=\"\" width=\"150\" height=\"150\" srcset=\"https:\/\/www.mouthiers-sur-boeme.fr\/wp-content\/uploads\/2018\/04\/libellule-carre-150x150.jpg 150w, https:\/\/www.mouthiers-sur-boeme.fr\/wp-content\/uploads\/2018\/04\/libellule-carre-300x300.jpg 300w, https:\/\/www.mouthiers-sur-boeme.fr\/wp-content\/uploads\/2018\/04\/libellule-carre-768x768.jpg 768w, https:\/\/www.mouthiers-sur-boeme.fr\/wp-content\/uploads\/2018\/04\/libellule-carre-1024x1024.jpg 1024w, https:\/\/www.mouthiers-sur-boeme.fr\/wp-content\/uploads\/2018\/04\/libellule-carre.jpg 2000w\" sizes=\"(max-width: 150px) 100vw, 150px\" \/><\/a><a href=\"https:\/\/www.mouthiers-sur-boeme.fr\/wp-content\/uploads\/2018\/04\/Affiche-Nettoyage-Printemps-2018.pdf\">Affiche Nettoyage Printemps 2018<\/a><\/p>\n<p style=\"text-align: center;\">Les d\u00e9chets collect\u00e9s seront \u00ab\u00a0expos\u00e9s\u00a0\u00bb lors du festival<\/p>\n<p style=\"text-align: center;\">\u00ab\u00a0Mouthiers f\u00eate la biodiversit\u00e9\u00a0\u00bb<\/p>\n<p style=\"text-align: center;\">pour une sensibilisation du public.<\/p>\n","protected":false},"excerpt":{"rendered":"<p>Le conseil municipal des jeunes de Mouthiers sur Bo\u00ebme, organise pour la deuxi\u00e8me fois un nettoyage de notre commune. Pour vous joindre \u00e0 cette action, vous pouvez retrouver un groupe \u00e0 un des points de ralliement mentionn\u00e9s ci-dessous. Les familles, les amis et les voisins seront les bienvenus. Pr\u00e9voir gants \u00e9pais et gilets jaunes. Des &hellip; <a href=\"https:\/\/www.mouthiers-sur-boeme.fr\/?p=5332\" class=\"more-link\">Continuer la lecture de <span class=\"screen-reader-text\">Ma commune c&rsquo;est pas ta poubelle 2, le retour !<\/span>  <span class=\"meta-nav\">&rarr;<\/span><\/a><\/p>\n","protected":false},"author":22,"featured_media":0,"comment_status":"open","ping_status":"open","sticky":false,"template":"","format":"standard","meta":[],"categories":[68,4,76],"tags":[],"_links":{"self":[{"href":"https:\/\/www.mouthiers-sur-boeme.fr\/index.php?rest_route=\/wp\/v2\/posts\/5332"}],"collection":[{"href":"https:\/\/www.mouthiers-sur-boeme.fr\/index.php?rest_route=\/wp\/v2\/posts"}],"about":[{"href":"https:\/\/www.mouthiers-sur-boeme.fr\/index.php?rest_route=\/wp\/v2\/types\/post"}],"author":[{"embeddable":true,"href":"https:\/\/www.mouthiers-sur-boeme.fr\/index.php?rest_route=\/wp\/v2\/users\/22"}],"replies":[{"embeddable":true,"href":"https:\/\/www.mouthiers-sur-boeme.fr\/index.php?rest_route=%2Fwp%2Fv2%2Fcomments&post=5332"}],"version-history":[{"count":3,"href":"https:\/\/www.mouthiers-sur-boeme.fr\/index.php?rest_route=\/wp\/v2\/posts\/5332\/revisions"}],"predecessor-version":[{"id":5336,"href":"https:\/\/www.mouthiers-sur-boeme.fr\/index.php?rest_route=\/wp\/v2\/posts\/5332\/revisions\/5336"}],"wp:attachment":[{"href":"https:\/\/www.mouthiers-sur-boeme.fr\/index.php?rest_route=%2Fwp%2Fv2%2Fmedia&parent=5332"}],"wp:term":[{"taxonomy":"category","embeddable":true,"href":"https:\/\/www.mouthiers-sur-boeme.fr\/index.php?rest_route=%2Fwp%2Fv2%2Fcategories&post=5332"},{"taxonomy":"post_tag","embeddable":true,"href":"https:\/\/www.mouthiers-sur-boeme.fr\/index.php?rest_route=%2Fwp%2Fv2%2Ftags&post=5332"}],"curies":[{"name":"wp","href":"https:\/\/api.w.org\/{rel}","templated":true}]}}