{"id":5350,"date":"2018-05-29T06:25:55","date_gmt":"2018-05-29T05:25:55","guid":{"rendered":"https:\/\/www.mouthiers-sur-boeme.fr\/?p=5350"},"modified":"2018-09-30T07:55:12","modified_gmt":"2018-09-30T06:55:12","slug":"jeudi-31-mai-mjc-le-collier-rouge","status":"publish","type":"post","link":"https:\/\/www.mouthiers-sur-boeme.fr\/?p=5350","title":{"rendered":"JEUDI 31 MAI MJC \u00ab\u00a0Le collier rouge\u00a0\u00bb"},"content":{"rendered":"<p><a href=\"https:\/\/www.mouthiers-sur-boeme.fr\/wp-content\/uploads\/2018\/05\/COLLIER-ROUGE.jpg\"><img loading=\"lazy\" class=\"alignnone size-medium wp-image-5351\" src=\"https:\/\/www.mouthiers-sur-boeme.fr\/wp-content\/uploads\/2018\/05\/COLLIER-ROUGE-220x300.jpg\" alt=\"\" width=\"220\" height=\"300\" \/><\/a><\/p>\n<header>\n<h1 class=\"crayon article-titre-1008 \">Le Collier rouge<\/h1>\n<div class=\"chapo crayon article-chapo-1008 clearfix\">\n<p>De <strong>Jean Becker<\/strong><br class=\"autobr\" \/> Avec <strong>Fran\u00e7ois Cluzet, Nicolas Duvauchelle, Sophie Verbeeck<\/strong> <br class=\"autobr\" \/> Genres <strong>Drame, Thriller<\/strong><br class=\"autobr\" \/> Nationalit\u00e9 <strong>fran\u00e7ais<\/strong> <br class=\"autobr\" \/> Dur\u00e9e <strong>1h 23<\/strong><\/p>\n<\/div>\n<\/header>\n<hr \/>\n<div class=\"crayon article-texte-1008 clearfix\">\n<p>Dans une petite ville, \u00e9cras\u00e9e par la chaleur de l\u2019\u00e9t\u00e9, en 1919, un h\u00e9ros de la guerre est retenu prisonnier au fond d\u2019une caserne d\u00e9serte. Devant la porte, son chien tout caboss\u00e9 aboie jour et nuit. Non loin de l\u00e0, dans la campagne, une jeune femme us\u00e9e par le travail de la terre, trop instruite cependant pour \u00eatre une simple paysanne, attend et esp\u00e8re. Le juge qui arrive pour d\u00e9m\u00ealer cette affaire est un aristocrate dont la guerre a fait vaciller les principes. Trois personnages et, au milieu d\u2019eux, un chien, qui d\u00e9tient la clef du drame\u2026<\/p>\n<\/div>\n","protected":false},"excerpt":{"rendered":"<p>Le Collier rouge De Jean Becker Avec Fran\u00e7ois Cluzet, Nicolas Duvauchelle, Sophie Verbeeck Genres Drame, Thriller Nationalit\u00e9 fran\u00e7ais Dur\u00e9e 1h 23 Dans une petite ville, \u00e9cras\u00e9e par la chaleur de l\u2019\u00e9t\u00e9, en 1919, un h\u00e9ros de la guerre est retenu prisonnier au fond d\u2019une caserne d\u00e9serte. Devant la porte, son chien tout caboss\u00e9 aboie jour &hellip; <a href=\"https:\/\/www.mouthiers-sur-boeme.fr\/?p=5350\" class=\"more-link\">Continuer la lecture de <span class=\"screen-reader-text\">JEUDI 31 MAI MJC \u00ab\u00a0Le collier rouge\u00a0\u00bb<\/span>  <span class=\"meta-nav\">&rarr;<\/span><\/a><\/p>\n","protected":false},"author":22,"featured_media":0,"comment_status":"open","ping_status":"open","sticky":false,"template":"","format":"standard","meta":[],"categories":[65,10],"tags":[],"_links":{"self":[{"href":"https:\/\/www.mouthiers-sur-boeme.fr\/index.php?rest_route=\/wp\/v2\/posts\/5350"}],"collection":[{"href":"https:\/\/www.mouthiers-sur-boeme.fr\/index.php?rest_route=\/wp\/v2\/posts"}],"about":[{"href":"https:\/\/www.mouthiers-sur-boeme.fr\/index.php?rest_route=\/wp\/v2\/types\/post"}],"author":[{"embeddable":true,"href":"https:\/\/www.mouthiers-sur-boeme.fr\/index.php?rest_route=\/wp\/v2\/users\/22"}],"replies":[{"embeddable":true,"href":"https:\/\/www.mouthiers-sur-boeme.fr\/index.php?rest_route=%2Fwp%2Fv2%2Fcomments&post=5350"}],"version-history":[{"count":1,"href":"https:\/\/www.mouthiers-sur-boeme.fr\/index.php?rest_route=\/wp\/v2\/posts\/5350\/revisions"}],"predecessor-version":[{"id":5353,"href":"https:\/\/www.mouthiers-sur-boeme.fr\/index.php?rest_route=\/wp\/v2\/posts\/5350\/revisions\/5353"}],"wp:attachment":[{"href":"https:\/\/www.mouthiers-sur-boeme.fr\/index.php?rest_route=%2Fwp%2Fv2%2Fmedia&parent=5350"}],"wp:term":[{"taxonomy":"category","embeddable":true,"href":"https:\/\/www.mouthiers-sur-boeme.fr\/index.php?rest_route=%2Fwp%2Fv2%2Fcategories&post=5350"},{"taxonomy":"post_tag","embeddable":true,"href":"https:\/\/www.mouthiers-sur-boeme.fr\/index.php?rest_route=%2Fwp%2Fv2%2Ftags&post=5350"}],"curies":[{"name":"wp","href":"https:\/\/api.w.org\/{rel}","templated":true}]}}