{"id":5354,"date":"2018-06-02T07:45:36","date_gmt":"2018-06-02T06:45:36","guid":{"rendered":"https:\/\/www.mouthiers-sur-boeme.fr\/?p=5354"},"modified":"2018-09-30T07:54:35","modified_gmt":"2018-09-30T06:54:35","slug":"jeudi-14-juin-cinema-20h30-mjc-place-publique","status":"publish","type":"post","link":"https:\/\/www.mouthiers-sur-boeme.fr\/?p=5354","title":{"rendered":"JEUDI 14 JUIN CIN\u00c9MA 20H30 MJC  PLACE PUBLIQUE"},"content":{"rendered":"<header>\n<h1 class=\"crayon article-titre-1013 \">Place publique<\/h1>\n<div class=\"chapo crayon article-chapo-1013 clearfix\">\n<p>De <strong>Agn\u00e8s Jaoui<\/strong><br class=\"autobr\" \/> Avec <strong>Agn\u00e8s Jaoui, Jean-Pierre Bacri, L\u00e9a Drucker <\/strong><br class=\"autobr\" \/> Genre <strong>Com\u00e9die<\/strong><br class=\"autobr\" \/> Nationalit\u00e9 <strong>fran\u00e7ais<\/strong><br class=\"autobr\" \/> Dur\u00e9e <strong>1h 38<\/strong><\/p>\n<\/div>\n<\/header>\n<hr \/>\n<div class=\"crayon article-texte-1013 clearfix\">\n<p>Castro, autrefois star du petit \u00e9cran, est \u00e0 pr\u00e9sent un animateur sur le d\u00e9clin. Aujourd\u2019hui, son chauffeur, Manu, le conduit \u00e0 la pendaison de cr\u00e9maill\u00e8re de sa productrice et amie de longue date, Nathalie, qui a emm\u00e9nag\u00e9 dans une belle maison pr\u00e8s de Paris. H\u00e9l\u00e8ne, s\u0153ur de Nathalie et ex-femme de Castro, est elle aussi invit\u00e9e. Quand ils \u00e9taient jeunes, ils partageaient les m\u00eames id\u00e9aux mais le succ\u00e8s a converti Castro au pragmatisme (ou plut\u00f4t au cynisme) tandis qu\u2019H\u00e9l\u00e8ne est rest\u00e9e fid\u00e8le \u00e0 ses convictions.<br class=\"autobr\" \/> Leur fille, Nina, qui a \u00e9crit un livre librement inspir\u00e9 de la vie de ses parents, se joint \u00e0 eux.<br class=\"autobr\" \/> Alors que Castro assiste, impuissant, \u00e0 la chute inexorable de son audimat, H\u00e9l\u00e8ne tente d\u00e9sesp\u00e9r\u00e9ment d\u2019imposer dans son \u00e9mission une r\u00e9fugi\u00e9e afghane. Pendant ce temps, la f\u00eate bat son plein&#8230;<a href=\"https:\/\/www.mouthiers-sur-boeme.fr\/wp-content\/uploads\/2018\/06\/Place-publique.jpg\"><img loading=\"lazy\" class=\"alignnone size-medium wp-image-5355\" src=\"https:\/\/www.mouthiers-sur-boeme.fr\/wp-content\/uploads\/2018\/06\/Place-publique-221x300.jpg\" alt=\"\" width=\"221\" height=\"300\" \/><\/a><\/p>\n<\/div>\n","protected":false},"excerpt":{"rendered":"<p>Place publique De Agn\u00e8s Jaoui Avec Agn\u00e8s Jaoui, Jean-Pierre Bacri, L\u00e9a Drucker Genre Com\u00e9die Nationalit\u00e9 fran\u00e7ais Dur\u00e9e 1h 38 Castro, autrefois star du petit \u00e9cran, est \u00e0 pr\u00e9sent un animateur sur le d\u00e9clin. Aujourd\u2019hui, son chauffeur, Manu, le conduit \u00e0 la pendaison de cr\u00e9maill\u00e8re de sa productrice et amie de longue date, Nathalie, qui a &hellip; <a href=\"https:\/\/www.mouthiers-sur-boeme.fr\/?p=5354\" class=\"more-link\">Continuer la lecture de <span class=\"screen-reader-text\">JEUDI 14 JUIN CIN\u00c9MA 20H30 MJC  PLACE PUBLIQUE<\/span>  <span class=\"meta-nav\">&rarr;<\/span><\/a><\/p>\n","protected":false},"author":22,"featured_media":0,"comment_status":"open","ping_status":"open","sticky":false,"template":"","format":"standard","meta":[],"categories":[65,71],"tags":[],"_links":{"self":[{"href":"https:\/\/www.mouthiers-sur-boeme.fr\/index.php?rest_route=\/wp\/v2\/posts\/5354"}],"collection":[{"href":"https:\/\/www.mouthiers-sur-boeme.fr\/index.php?rest_route=\/wp\/v2\/posts"}],"about":[{"href":"https:\/\/www.mouthiers-sur-boeme.fr\/index.php?rest_route=\/wp\/v2\/types\/post"}],"author":[{"embeddable":true,"href":"https:\/\/www.mouthiers-sur-boeme.fr\/index.php?rest_route=\/wp\/v2\/users\/22"}],"replies":[{"embeddable":true,"href":"https:\/\/www.mouthiers-sur-boeme.fr\/index.php?rest_route=%2Fwp%2Fv2%2Fcomments&post=5354"}],"version-history":[{"count":1,"href":"https:\/\/www.mouthiers-sur-boeme.fr\/index.php?rest_route=\/wp\/v2\/posts\/5354\/revisions"}],"predecessor-version":[{"id":5357,"href":"https:\/\/www.mouthiers-sur-boeme.fr\/index.php?rest_route=\/wp\/v2\/posts\/5354\/revisions\/5357"}],"wp:attachment":[{"href":"https:\/\/www.mouthiers-sur-boeme.fr\/index.php?rest_route=%2Fwp%2Fv2%2Fmedia&parent=5354"}],"wp:term":[{"taxonomy":"category","embeddable":true,"href":"https:\/\/www.mouthiers-sur-boeme.fr\/index.php?rest_route=%2Fwp%2Fv2%2Fcategories&post=5354"},{"taxonomy":"post_tag","embeddable":true,"href":"https:\/\/www.mouthiers-sur-boeme.fr\/index.php?rest_route=%2Fwp%2Fv2%2Ftags&post=5354"}],"curies":[{"name":"wp","href":"https:\/\/api.w.org\/{rel}","templated":true}]}}