{"id":5373,"date":"2018-06-19T16:44:01","date_gmt":"2018-06-19T15:44:01","guid":{"rendered":"https:\/\/www.mouthiers-sur-boeme.fr\/?p=5373"},"modified":"2018-09-30T07:53:11","modified_gmt":"2018-09-30T06:53:11","slug":"21-juin-2018-a-partir-de-19-heures-fete-de-la-musique","status":"publish","type":"post","link":"https:\/\/www.mouthiers-sur-boeme.fr\/?p=5373","title":{"rendered":"21 juin 2018 \u00e0 partir de 19 heures F\u00eate de la musique"},"content":{"rendered":"<p>21 juin date de la deuxi\u00e8me \u00e9dition \u00e0 Mouthiers de la f\u00eate de la musique<a href=\"https:\/\/www.mouthiers-sur-boeme.fr\/wp-content\/uploads\/2018\/06\/F\u00eate-de-la-Musique.jpg\"><img loading=\"lazy\" class=\"aligncenter size-medium wp-image-5390\" src=\"https:\/\/www.mouthiers-sur-boeme.fr\/wp-content\/uploads\/2018\/06\/F\u00eate-de-la-Musique-300x211.jpg\" alt=\"\" width=\"300\" height=\"211\" srcset=\"https:\/\/www.mouthiers-sur-boeme.fr\/wp-content\/uploads\/2018\/06\/F\u00eate-de-la-Musique-300x211.jpg 300w, https:\/\/www.mouthiers-sur-boeme.fr\/wp-content\/uploads\/2018\/06\/F\u00eate-de-la-Musique-768x541.jpg 768w, https:\/\/www.mouthiers-sur-boeme.fr\/wp-content\/uploads\/2018\/06\/F\u00eate-de-la-Musique-1024x722.jpg 1024w\" sizes=\"(max-width: 300px) 100vw, 300px\" \/><\/a><\/p>\n<p>Rende-vous \u00e0 partir de 19 heures sur la place de la mairie avec les jeunes musiciens de la MJC (piano et guitare), suivi du groupe vocal RAMDAM. Vous retrouverez ensuite de jeunes musiciennes sous la direction de Jean-Philippe Labrousse. Enfin \u00e0 partir de 22 heures\u00a0 le groupe KSY et Incartade seront pr\u00e9sents pour terminer cette soir\u00e9e en votre compagnie.<\/p>\n<p>Le soleil et la lune seront au rendez-vous alors venez nombreux.<\/p>\n","protected":false},"excerpt":{"rendered":"<p>21 juin date de la deuxi\u00e8me \u00e9dition \u00e0 Mouthiers de la f\u00eate de la musique Rende-vous \u00e0 partir de 19 heures sur la place de la mairie avec les jeunes musiciens de la MJC (piano et guitare), suivi du groupe vocal RAMDAM. Vous retrouverez ensuite de jeunes musiciennes sous la direction de Jean-Philippe Labrousse. Enfin &hellip; <a href=\"https:\/\/www.mouthiers-sur-boeme.fr\/?p=5373\" class=\"more-link\">Continuer la lecture de <span class=\"screen-reader-text\">21 juin 2018 \u00e0 partir de 19 heures F\u00eate de la musique<\/span>  <span class=\"meta-nav\">&rarr;<\/span><\/a><\/p>\n","protected":false},"author":22,"featured_media":0,"comment_status":"open","ping_status":"open","sticky":false,"template":"","format":"standard","meta":[],"categories":[10,12],"tags":[],"_links":{"self":[{"href":"https:\/\/www.mouthiers-sur-boeme.fr\/index.php?rest_route=\/wp\/v2\/posts\/5373"}],"collection":[{"href":"https:\/\/www.mouthiers-sur-boeme.fr\/index.php?rest_route=\/wp\/v2\/posts"}],"about":[{"href":"https:\/\/www.mouthiers-sur-boeme.fr\/index.php?rest_route=\/wp\/v2\/types\/post"}],"author":[{"embeddable":true,"href":"https:\/\/www.mouthiers-sur-boeme.fr\/index.php?rest_route=\/wp\/v2\/users\/22"}],"replies":[{"embeddable":true,"href":"https:\/\/www.mouthiers-sur-boeme.fr\/index.php?rest_route=%2Fwp%2Fv2%2Fcomments&post=5373"}],"version-history":[{"count":3,"href":"https:\/\/www.mouthiers-sur-boeme.fr\/index.php?rest_route=\/wp\/v2\/posts\/5373\/revisions"}],"predecessor-version":[{"id":5394,"href":"https:\/\/www.mouthiers-sur-boeme.fr\/index.php?rest_route=\/wp\/v2\/posts\/5373\/revisions\/5394"}],"wp:attachment":[{"href":"https:\/\/www.mouthiers-sur-boeme.fr\/index.php?rest_route=%2Fwp%2Fv2%2Fmedia&parent=5373"}],"wp:term":[{"taxonomy":"category","embeddable":true,"href":"https:\/\/www.mouthiers-sur-boeme.fr\/index.php?rest_route=%2Fwp%2Fv2%2Fcategories&post=5373"},{"taxonomy":"post_tag","embeddable":true,"href":"https:\/\/www.mouthiers-sur-boeme.fr\/index.php?rest_route=%2Fwp%2Fv2%2Ftags&post=5373"}],"curies":[{"name":"wp","href":"https:\/\/api.w.org\/{rel}","templated":true}]}}