{"id":5375,"date":"2018-06-19T16:31:18","date_gmt":"2018-06-19T15:31:18","guid":{"rendered":"https:\/\/www.mouthiers-sur-boeme.fr\/?p=5375"},"modified":"2018-06-19T16:31:40","modified_gmt":"2018-06-19T15:31:40","slug":"mediatheque-mouthiers-samedi-23-juin-a-11-heures","status":"publish","type":"post","link":"https:\/\/www.mouthiers-sur-boeme.fr\/?p=5375","title":{"rendered":"M\u00e9diath\u00e8que Mouthiers : samedi 23 juin \u00e0 11 heures"},"content":{"rendered":"<p><a href=\"https:\/\/www.mouthiers-sur-boeme.fr\/wp-content\/uploads\/2018\/06\/Petits-d\u00e9jeuners-num\u00e9riques-\u00e0-la-m\u00e9diath\u00e8que.jpg\"><img loading=\"lazy\" class=\"aligncenter size-medium wp-image-5386\" src=\"https:\/\/www.mouthiers-sur-boeme.fr\/wp-content\/uploads\/2018\/06\/Petits-d\u00e9jeuners-num\u00e9riques-\u00e0-la-m\u00e9diath\u00e8que-300x199.jpg\" alt=\"\" width=\"300\" height=\"199\" srcset=\"https:\/\/www.mouthiers-sur-boeme.fr\/wp-content\/uploads\/2018\/06\/Petits-d\u00e9jeuners-num\u00e9riques-\u00e0-la-m\u00e9diath\u00e8que-300x199.jpg 300w, https:\/\/www.mouthiers-sur-boeme.fr\/wp-content\/uploads\/2018\/06\/Petits-d\u00e9jeuners-num\u00e9riques-\u00e0-la-m\u00e9diath\u00e8que-768x510.jpg 768w, https:\/\/www.mouthiers-sur-boeme.fr\/wp-content\/uploads\/2018\/06\/Petits-d\u00e9jeuners-num\u00e9riques-\u00e0-la-m\u00e9diath\u00e8que-1024x679.jpg 1024w\" sizes=\"(max-width: 300px) 100vw, 300px\" \/><\/a>23 juin \u00e0 11 heures, la m\u00e9diath\u00e8que de Mouthiers vous accueille pour un \u00ab\u00a0P&rsquo;tit d\u00e9jeuner num\u00e9rique\u00a0\u00bb autour du th\u00e8me \u00ab\u00a0la tablette et le livre chez l&rsquo;enfant\u00a0\u00bb.<\/p>\n<p>Venez pour apprendre, partager des exp\u00e9riences&#8230;<\/p>\n","protected":false},"excerpt":{"rendered":"<p>23 juin \u00e0 11 heures, la m\u00e9diath\u00e8que de Mouthiers vous accueille pour un \u00ab\u00a0P&rsquo;tit d\u00e9jeuner num\u00e9rique\u00a0\u00bb autour du th\u00e8me \u00ab\u00a0la tablette et le livre chez l&rsquo;enfant\u00a0\u00bb. Venez pour apprendre, partager des exp\u00e9riences&#8230;<\/p>\n","protected":false},"author":22,"featured_media":0,"comment_status":"open","ping_status":"open","sticky":false,"template":"","format":"standard","meta":[],"categories":[20,19],"tags":[],"_links":{"self":[{"href":"https:\/\/www.mouthiers-sur-boeme.fr\/index.php?rest_route=\/wp\/v2\/posts\/5375"}],"collection":[{"href":"https:\/\/www.mouthiers-sur-boeme.fr\/index.php?rest_route=\/wp\/v2\/posts"}],"about":[{"href":"https:\/\/www.mouthiers-sur-boeme.fr\/index.php?rest_route=\/wp\/v2\/types\/post"}],"author":[{"embeddable":true,"href":"https:\/\/www.mouthiers-sur-boeme.fr\/index.php?rest_route=\/wp\/v2\/users\/22"}],"replies":[{"embeddable":true,"href":"https:\/\/www.mouthiers-sur-boeme.fr\/index.php?rest_route=%2Fwp%2Fv2%2Fcomments&post=5375"}],"version-history":[{"count":3,"href":"https:\/\/www.mouthiers-sur-boeme.fr\/index.php?rest_route=\/wp\/v2\/posts\/5375\/revisions"}],"predecessor-version":[{"id":5388,"href":"https:\/\/www.mouthiers-sur-boeme.fr\/index.php?rest_route=\/wp\/v2\/posts\/5375\/revisions\/5388"}],"wp:attachment":[{"href":"https:\/\/www.mouthiers-sur-boeme.fr\/index.php?rest_route=%2Fwp%2Fv2%2Fmedia&parent=5375"}],"wp:term":[{"taxonomy":"category","embeddable":true,"href":"https:\/\/www.mouthiers-sur-boeme.fr\/index.php?rest_route=%2Fwp%2Fv2%2Fcategories&post=5375"},{"taxonomy":"post_tag","embeddable":true,"href":"https:\/\/www.mouthiers-sur-boeme.fr\/index.php?rest_route=%2Fwp%2Fv2%2Ftags&post=5375"}],"curies":[{"name":"wp","href":"https:\/\/api.w.org\/{rel}","templated":true}]}}