{"id":5380,"date":"2018-06-19T16:32:26","date_gmt":"2018-06-19T15:32:26","guid":{"rendered":"https:\/\/www.mouthiers-sur-boeme.fr\/?p=5380"},"modified":"2018-06-19T16:32:26","modified_gmt":"2018-06-19T15:32:26","slug":"remise-des-prix-lire-en-fete-22-juin-2018-a-partir-de-18-heures","status":"publish","type":"post","link":"https:\/\/www.mouthiers-sur-boeme.fr\/?p=5380","title":{"rendered":"Remise des Prix Lire en F\u00eate &#8211; 22 juin 2018 \u00e0 partir de 18 heures"},"content":{"rendered":"<p>Lire en f\u00eate. A partir de 18h30\u00a0 remise des prix, qui aura lieu dans la cour de l&rsquo;\u00e9cole, suivi du bal populaire organis\u00e9 par l&rsquo;association des parents d&rsquo;\u00e9l\u00e8ves \u00e0 19h30.<\/p>\n<p>Je profite de cette annonce pour vous indiquer qu&rsquo;une benne pour r\u00e9cup\u00e9rer les vieux papiers, sera install\u00e9e pr\u00e8s de l&rsquo;\u00e9cole. La vente servira aux projets mis en place par l&rsquo;Association des Parents d&rsquo;\u00e9l\u00e8ves.<\/p>\n","protected":false},"excerpt":{"rendered":"<p>Lire en f\u00eate. A partir de 18h30\u00a0 remise des prix, qui aura lieu dans la cour de l&rsquo;\u00e9cole, suivi du bal populaire organis\u00e9 par l&rsquo;association des parents d&rsquo;\u00e9l\u00e8ves \u00e0 19h30. Je profite de cette annonce pour vous indiquer qu&rsquo;une benne pour r\u00e9cup\u00e9rer les vieux papiers, sera install\u00e9e pr\u00e8s de l&rsquo;\u00e9cole. La vente servira aux projets &hellip; <a href=\"https:\/\/www.mouthiers-sur-boeme.fr\/?p=5380\" class=\"more-link\">Continuer la lecture de <span class=\"screen-reader-text\">Remise des Prix Lire en F\u00eate &#8211; 22 juin 2018 \u00e0 partir de 18 heures<\/span>  <span class=\"meta-nav\">&rarr;<\/span><\/a><\/p>\n","protected":false},"author":22,"featured_media":0,"comment_status":"open","ping_status":"open","sticky":false,"template":"","format":"standard","meta":[],"categories":[20,31,19],"tags":[],"_links":{"self":[{"href":"https:\/\/www.mouthiers-sur-boeme.fr\/index.php?rest_route=\/wp\/v2\/posts\/5380"}],"collection":[{"href":"https:\/\/www.mouthiers-sur-boeme.fr\/index.php?rest_route=\/wp\/v2\/posts"}],"about":[{"href":"https:\/\/www.mouthiers-sur-boeme.fr\/index.php?rest_route=\/wp\/v2\/types\/post"}],"author":[{"embeddable":true,"href":"https:\/\/www.mouthiers-sur-boeme.fr\/index.php?rest_route=\/wp\/v2\/users\/22"}],"replies":[{"embeddable":true,"href":"https:\/\/www.mouthiers-sur-boeme.fr\/index.php?rest_route=%2Fwp%2Fv2%2Fcomments&post=5380"}],"version-history":[{"count":2,"href":"https:\/\/www.mouthiers-sur-boeme.fr\/index.php?rest_route=\/wp\/v2\/posts\/5380\/revisions"}],"predecessor-version":[{"id":5389,"href":"https:\/\/www.mouthiers-sur-boeme.fr\/index.php?rest_route=\/wp\/v2\/posts\/5380\/revisions\/5389"}],"wp:attachment":[{"href":"https:\/\/www.mouthiers-sur-boeme.fr\/index.php?rest_route=%2Fwp%2Fv2%2Fmedia&parent=5380"}],"wp:term":[{"taxonomy":"category","embeddable":true,"href":"https:\/\/www.mouthiers-sur-boeme.fr\/index.php?rest_route=%2Fwp%2Fv2%2Fcategories&post=5380"},{"taxonomy":"post_tag","embeddable":true,"href":"https:\/\/www.mouthiers-sur-boeme.fr\/index.php?rest_route=%2Fwp%2Fv2%2Ftags&post=5380"}],"curies":[{"name":"wp","href":"https:\/\/api.w.org\/{rel}","templated":true}]}}