{"id":5424,"date":"2018-07-08T15:23:47","date_gmt":"2018-07-08T14:23:47","guid":{"rendered":"https:\/\/www.mouthiers-sur-boeme.fr\/?p=5424"},"modified":"2018-09-30T07:51:31","modified_gmt":"2018-09-30T06:51:31","slug":"marches-de-producteurs-de-pays-ete-2018","status":"publish","type":"post","link":"https:\/\/www.mouthiers-sur-boeme.fr\/?p=5424","title":{"rendered":"March\u00e9s de Producteurs de Pays &#8211; \u00e9t\u00e9 2018"},"content":{"rendered":"<p>La saison estivale des March\u00e9s de Producteurs de Pays a commenc\u00e9 en juin.<\/p>\n<p>4 dates pour Mouthiers-sur-Bo\u00ebme : Jeudis 5 et 19 juillet et jeudis 2 et 16 ao\u00fbt. On se retrouve \u00e0 partir de 18 heures, avec les producteurs s\u00e9lectionn\u00e9s par la Chambre d&rsquo;Agriculture.<\/p>\n<p><a href=\"https:\/\/www.mouthiers-sur-boeme.fr\/wp-content\/uploads\/2018\/07\/Image-MPP.jpg\"><img loading=\"lazy\" class=\"aligncenter size-medium wp-image-5438\" src=\"https:\/\/www.mouthiers-sur-boeme.fr\/wp-content\/uploads\/2018\/07\/Image-MPP-214x300.jpg\" alt=\"\" width=\"214\" height=\"300\" srcset=\"https:\/\/www.mouthiers-sur-boeme.fr\/wp-content\/uploads\/2018\/07\/Image-MPP-214x300.jpg 214w, https:\/\/www.mouthiers-sur-boeme.fr\/wp-content\/uploads\/2018\/07\/Image-MPP.jpg 467w\" sizes=\"(max-width: 214px) 100vw, 214px\" \/><\/a>Venez faire vos emplettes, venez manger tous ensemble et partager un beau moment de convivialit\u00e9.<\/p>\n<p>Rendez-vous jeudi 19 juillet.<\/p>\n","protected":false},"excerpt":{"rendered":"<p>La saison estivale des March\u00e9s de Producteurs de Pays a commenc\u00e9 en juin. 4 dates pour Mouthiers-sur-Bo\u00ebme : Jeudis 5 et 19 juillet et jeudis 2 et 16 ao\u00fbt. On se retrouve \u00e0 partir de 18 heures, avec les producteurs s\u00e9lectionn\u00e9s par la Chambre d&rsquo;Agriculture. Venez faire vos emplettes, venez manger tous ensemble et partager &hellip; <a href=\"https:\/\/www.mouthiers-sur-boeme.fr\/?p=5424\" class=\"more-link\">Continuer la lecture de <span class=\"screen-reader-text\">March\u00e9s de Producteurs de Pays &#8211; \u00e9t\u00e9 2018<\/span>  <span class=\"meta-nav\">&rarr;<\/span><\/a><\/p>\n","protected":false},"author":22,"featured_media":0,"comment_status":"open","ping_status":"open","sticky":false,"template":"","format":"standard","meta":[],"categories":[12],"tags":[],"_links":{"self":[{"href":"https:\/\/www.mouthiers-sur-boeme.fr\/index.php?rest_route=\/wp\/v2\/posts\/5424"}],"collection":[{"href":"https:\/\/www.mouthiers-sur-boeme.fr\/index.php?rest_route=\/wp\/v2\/posts"}],"about":[{"href":"https:\/\/www.mouthiers-sur-boeme.fr\/index.php?rest_route=\/wp\/v2\/types\/post"}],"author":[{"embeddable":true,"href":"https:\/\/www.mouthiers-sur-boeme.fr\/index.php?rest_route=\/wp\/v2\/users\/22"}],"replies":[{"embeddable":true,"href":"https:\/\/www.mouthiers-sur-boeme.fr\/index.php?rest_route=%2Fwp%2Fv2%2Fcomments&post=5424"}],"version-history":[{"count":3,"href":"https:\/\/www.mouthiers-sur-boeme.fr\/index.php?rest_route=\/wp\/v2\/posts\/5424\/revisions"}],"predecessor-version":[{"id":5439,"href":"https:\/\/www.mouthiers-sur-boeme.fr\/index.php?rest_route=\/wp\/v2\/posts\/5424\/revisions\/5439"}],"wp:attachment":[{"href":"https:\/\/www.mouthiers-sur-boeme.fr\/index.php?rest_route=%2Fwp%2Fv2%2Fmedia&parent=5424"}],"wp:term":[{"taxonomy":"category","embeddable":true,"href":"https:\/\/www.mouthiers-sur-boeme.fr\/index.php?rest_route=%2Fwp%2Fv2%2Fcategories&post=5424"},{"taxonomy":"post_tag","embeddable":true,"href":"https:\/\/www.mouthiers-sur-boeme.fr\/index.php?rest_route=%2Fwp%2Fv2%2Ftags&post=5424"}],"curies":[{"name":"wp","href":"https:\/\/api.w.org\/{rel}","templated":true}]}}