{"id":5426,"date":"2018-08-08T15:21:08","date_gmt":"2018-08-08T14:21:08","guid":{"rendered":"https:\/\/www.mouthiers-sur-boeme.fr\/?p=5426"},"modified":"2018-09-30T07:49:07","modified_gmt":"2018-09-30T06:49:07","slug":"vendredi-1008-21h-guinguette-buissonniere","status":"publish","type":"post","link":"https:\/\/www.mouthiers-sur-boeme.fr\/?p=5426","title":{"rendered":"Vendredi 10\/08 21h &#8211; Guinguette buissonni\u00e8re"},"content":{"rendered":"<p><a href=\"https:\/\/www.mouthiers-sur-boeme.fr\/wp-content\/uploads\/2018\/07\/Affiche-2018.jpg\"><img loading=\"lazy\" class=\"aligncenter size-medium wp-image-5433\" src=\"https:\/\/www.mouthiers-sur-boeme.fr\/wp-content\/uploads\/2018\/07\/Affiche-2018-214x300.jpg\" alt=\"\" width=\"214\" height=\"300\" \/><\/a>Rendez-vous \u00e0 21 heures vendredi 10 ao\u00fbt place de la mairie pour une d\u00e9ambulation avec \u00ab\u00a0Fanfare Om\u00e9ga\u00a0\u00bb. 1 euro l&rsquo;entr\u00e9e.<\/p>\n<p>Bonne soir\u00e9e.<\/p>\n","protected":false},"excerpt":{"rendered":"<p>Rendez-vous \u00e0 21 heures vendredi 10 ao\u00fbt place de la mairie pour une d\u00e9ambulation avec \u00ab\u00a0Fanfare Om\u00e9ga\u00a0\u00bb. 1 euro l&rsquo;entr\u00e9e. Bonne soir\u00e9e.<\/p>\n","protected":false},"author":22,"featured_media":0,"comment_status":"open","ping_status":"open","sticky":false,"template":"","format":"standard","meta":[],"categories":[12,74],"tags":[],"_links":{"self":[{"href":"https:\/\/www.mouthiers-sur-boeme.fr\/index.php?rest_route=\/wp\/v2\/posts\/5426"}],"collection":[{"href":"https:\/\/www.mouthiers-sur-boeme.fr\/index.php?rest_route=\/wp\/v2\/posts"}],"about":[{"href":"https:\/\/www.mouthiers-sur-boeme.fr\/index.php?rest_route=\/wp\/v2\/types\/post"}],"author":[{"embeddable":true,"href":"https:\/\/www.mouthiers-sur-boeme.fr\/index.php?rest_route=\/wp\/v2\/users\/22"}],"replies":[{"embeddable":true,"href":"https:\/\/www.mouthiers-sur-boeme.fr\/index.php?rest_route=%2Fwp%2Fv2%2Fcomments&post=5426"}],"version-history":[{"count":3,"href":"https:\/\/www.mouthiers-sur-boeme.fr\/index.php?rest_route=\/wp\/v2\/posts\/5426\/revisions"}],"predecessor-version":[{"id":5435,"href":"https:\/\/www.mouthiers-sur-boeme.fr\/index.php?rest_route=\/wp\/v2\/posts\/5426\/revisions\/5435"}],"wp:attachment":[{"href":"https:\/\/www.mouthiers-sur-boeme.fr\/index.php?rest_route=%2Fwp%2Fv2%2Fmedia&parent=5426"}],"wp:term":[{"taxonomy":"category","embeddable":true,"href":"https:\/\/www.mouthiers-sur-boeme.fr\/index.php?rest_route=%2Fwp%2Fv2%2Fcategories&post=5426"},{"taxonomy":"post_tag","embeddable":true,"href":"https:\/\/www.mouthiers-sur-boeme.fr\/index.php?rest_route=%2Fwp%2Fv2%2Ftags&post=5426"}],"curies":[{"name":"wp","href":"https:\/\/api.w.org\/{rel}","templated":true}]}}