{"id":5428,"date":"2018-07-13T15:27:26","date_gmt":"2018-07-13T14:27:26","guid":{"rendered":"https:\/\/www.mouthiers-sur-boeme.fr\/?p=5428"},"modified":"2018-08-08T15:27:34","modified_gmt":"2018-08-08T14:27:34","slug":"ateliers-a-la-mediatheque-juillet-et-aout-2018","status":"publish","type":"post","link":"https:\/\/www.mouthiers-sur-boeme.fr\/?p=5428","title":{"rendered":"Ateliers \u00e0 la m\u00e9diath\u00e8que juillet et ao\u00fbt 2018"},"content":{"rendered":"<p><a href=\"https:\/\/www.mouthiers-sur-boeme.fr\/wp-content\/uploads\/2018\/07\/Programme-juillet-ao\u00fbt-2018-version-2_Page_1.jpg\"><img loading=\"lazy\" class=\"aligncenter size-medium wp-image-5440\" src=\"https:\/\/www.mouthiers-sur-boeme.fr\/wp-content\/uploads\/2018\/07\/Programme-juillet-ao\u00fbt-2018-version-2_Page_1-300x212.jpg\" alt=\"\" width=\"300\" height=\"212\" srcset=\"https:\/\/www.mouthiers-sur-boeme.fr\/wp-content\/uploads\/2018\/07\/Programme-juillet-ao\u00fbt-2018-version-2_Page_1-300x212.jpg 300w, https:\/\/www.mouthiers-sur-boeme.fr\/wp-content\/uploads\/2018\/07\/Programme-juillet-ao\u00fbt-2018-version-2_Page_1-768x543.jpg 768w, https:\/\/www.mouthiers-sur-boeme.fr\/wp-content\/uploads\/2018\/07\/Programme-juillet-ao\u00fbt-2018-version-2_Page_1-1024x724.jpg 1024w\" sizes=\"(max-width: 300px) 100vw, 300px\" \/><\/a>Mouthiers-sur-Bo\u00ebme<\/p>\n<p>Rendez-vous mercredi 18 juillet \u00e0 partir de 15h avec Lo\u00efc Dauvillier sc\u00e9nariste de bande dessin\u00e9e et d&rsquo;albums jeunesse.<\/p>\n<p>Rendez-vous mercredi 25 juillet \u00e0 15 h : Cr\u00e9ation d&rsquo;une boule de bain effervescente naturelle&#8230;<\/p>\n<p>Rendez-vous mercredi 29 ao\u00fbt 10h30 : cr\u00e9ation d&rsquo;ardoise magique de toutes les couleurs.<\/p>\n<p>&nbsp;<\/p>\n<p>&nbsp;<\/p>\n","protected":false},"excerpt":{"rendered":"<p>Mouthiers-sur-Bo\u00ebme Rendez-vous mercredi 18 juillet \u00e0 partir de 15h avec Lo\u00efc Dauvillier sc\u00e9nariste de bande dessin\u00e9e et d&rsquo;albums jeunesse. Rendez-vous mercredi 25 juillet \u00e0 15 h : Cr\u00e9ation d&rsquo;une boule de bain effervescente naturelle&#8230; Rendez-vous mercredi 29 ao\u00fbt 10h30 : cr\u00e9ation d&rsquo;ardoise magique de toutes les couleurs. &nbsp; &nbsp;<\/p>\n","protected":false},"author":22,"featured_media":0,"comment_status":"open","ping_status":"open","sticky":false,"template":"","format":"standard","meta":[],"categories":[20],"tags":[],"_links":{"self":[{"href":"https:\/\/www.mouthiers-sur-boeme.fr\/index.php?rest_route=\/wp\/v2\/posts\/5428"}],"collection":[{"href":"https:\/\/www.mouthiers-sur-boeme.fr\/index.php?rest_route=\/wp\/v2\/posts"}],"about":[{"href":"https:\/\/www.mouthiers-sur-boeme.fr\/index.php?rest_route=\/wp\/v2\/types\/post"}],"author":[{"embeddable":true,"href":"https:\/\/www.mouthiers-sur-boeme.fr\/index.php?rest_route=\/wp\/v2\/users\/22"}],"replies":[{"embeddable":true,"href":"https:\/\/www.mouthiers-sur-boeme.fr\/index.php?rest_route=%2Fwp%2Fv2%2Fcomments&post=5428"}],"version-history":[{"count":2,"href":"https:\/\/www.mouthiers-sur-boeme.fr\/index.php?rest_route=\/wp\/v2\/posts\/5428\/revisions"}],"predecessor-version":[{"id":5441,"href":"https:\/\/www.mouthiers-sur-boeme.fr\/index.php?rest_route=\/wp\/v2\/posts\/5428\/revisions\/5441"}],"wp:attachment":[{"href":"https:\/\/www.mouthiers-sur-boeme.fr\/index.php?rest_route=%2Fwp%2Fv2%2Fmedia&parent=5428"}],"wp:term":[{"taxonomy":"category","embeddable":true,"href":"https:\/\/www.mouthiers-sur-boeme.fr\/index.php?rest_route=%2Fwp%2Fv2%2Fcategories&post=5428"},{"taxonomy":"post_tag","embeddable":true,"href":"https:\/\/www.mouthiers-sur-boeme.fr\/index.php?rest_route=%2Fwp%2Fv2%2Ftags&post=5428"}],"curies":[{"name":"wp","href":"https:\/\/api.w.org\/{rel}","templated":true}]}}