{"id":5463,"date":"2018-08-30T19:56:39","date_gmt":"2018-08-30T18:56:39","guid":{"rendered":"https:\/\/www.mouthiers-sur-boeme.fr\/?p=5463"},"modified":"2018-09-30T07:47:54","modified_gmt":"2018-09-30T06:47:54","slug":"cinema-jeudi-20-septembre-mjc-20h30-je-vais-mieux","status":"publish","type":"post","link":"https:\/\/www.mouthiers-sur-boeme.fr\/?p=5463","title":{"rendered":"Cin\u00e9ma jeudi 20 septembre  MJC 20h30 \u00ab\u00a0Je vais mieux\u00a0\u00bb"},"content":{"rendered":"<header>\n<h1 class=\"crayon article-titre-1129 \"><a href=\"https:\/\/www.mouthiers-sur-boeme.fr\/wp-content\/uploads\/2018\/08\/JE-VAIS-MIEUX.jpg\"><img loading=\"lazy\" class=\"alignnone size-medium wp-image-5469\" src=\"https:\/\/www.mouthiers-sur-boeme.fr\/wp-content\/uploads\/2018\/08\/JE-VAIS-MIEUX-225x300.jpg\" alt=\"\" width=\"225\" height=\"300\" \/><\/a><\/h1>\n<div class=\"chapo crayon article-chapo-1129 clearfix\">\n<p>De <strong>Jean-Pierre Am\u00e9ris<\/strong><br class=\"autobr\" \/> Avec <strong>Eric Elmosnino, Ary Abittan, Judith El Zein <\/strong><br class=\"autobr\" \/> Genre <strong>Com\u00e9die<\/strong><br class=\"autobr\" \/> Nationalit\u00e9 <strong>fran\u00e7ais<\/strong><br class=\"autobr\" \/> Dur\u00e9e <strong>1h 26<\/strong><\/p>\n<\/div>\n<\/header>\n<hr \/>\n<div class=\"crayon article-texte-1129 clearfix\">\n<p>Un quinquag\u00e9naire est victime d\u2019un mal de dos fulgurant. Tous les m\u00e9decins, les radiologues et les ost\u00e9opathes du monde ne peuvent rien pour lui\u00a0: la racine de son mal est psychologique. Mais de son travail, de sa femme ou de sa famille, que doit-il changer pour aller mieux\u00a0?<\/p>\n<p><a href=\"http:\/\/www.crcatb.fr\/films-cinema-charente-crcatb\/article\/je-vais-mieux\" target=\"_blank\" rel=\"noopener\">Plus d&rsquo;information sur le site CRCATB<\/a><\/p>\n<\/div>\n","protected":false},"excerpt":{"rendered":"<p>De Jean-Pierre Am\u00e9ris Avec Eric Elmosnino, Ary Abittan, Judith El Zein Genre Com\u00e9die Nationalit\u00e9 fran\u00e7ais Dur\u00e9e 1h 26 Un quinquag\u00e9naire est victime d\u2019un mal de dos fulgurant. Tous les m\u00e9decins, les radiologues et les ost\u00e9opathes du monde ne peuvent rien pour lui\u00a0: la racine de son mal est psychologique. Mais de son travail, de sa &hellip; <a href=\"https:\/\/www.mouthiers-sur-boeme.fr\/?p=5463\" class=\"more-link\">Continuer la lecture de <span class=\"screen-reader-text\">Cin\u00e9ma jeudi 20 septembre  MJC 20h30 \u00ab\u00a0Je vais mieux\u00a0\u00bb<\/span>  <span class=\"meta-nav\">&rarr;<\/span><\/a><\/p>\n","protected":false},"author":22,"featured_media":0,"comment_status":"open","ping_status":"open","sticky":false,"template":"","format":"standard","meta":[],"categories":[65],"tags":[],"_links":{"self":[{"href":"https:\/\/www.mouthiers-sur-boeme.fr\/index.php?rest_route=\/wp\/v2\/posts\/5463"}],"collection":[{"href":"https:\/\/www.mouthiers-sur-boeme.fr\/index.php?rest_route=\/wp\/v2\/posts"}],"about":[{"href":"https:\/\/www.mouthiers-sur-boeme.fr\/index.php?rest_route=\/wp\/v2\/types\/post"}],"author":[{"embeddable":true,"href":"https:\/\/www.mouthiers-sur-boeme.fr\/index.php?rest_route=\/wp\/v2\/users\/22"}],"replies":[{"embeddable":true,"href":"https:\/\/www.mouthiers-sur-boeme.fr\/index.php?rest_route=%2Fwp%2Fv2%2Fcomments&post=5463"}],"version-history":[{"count":4,"href":"https:\/\/www.mouthiers-sur-boeme.fr\/index.php?rest_route=\/wp\/v2\/posts\/5463\/revisions"}],"predecessor-version":[{"id":5471,"href":"https:\/\/www.mouthiers-sur-boeme.fr\/index.php?rest_route=\/wp\/v2\/posts\/5463\/revisions\/5471"}],"wp:attachment":[{"href":"https:\/\/www.mouthiers-sur-boeme.fr\/index.php?rest_route=%2Fwp%2Fv2%2Fmedia&parent=5463"}],"wp:term":[{"taxonomy":"category","embeddable":true,"href":"https:\/\/www.mouthiers-sur-boeme.fr\/index.php?rest_route=%2Fwp%2Fv2%2Fcategories&post=5463"},{"taxonomy":"post_tag","embeddable":true,"href":"https:\/\/www.mouthiers-sur-boeme.fr\/index.php?rest_route=%2Fwp%2Fv2%2Ftags&post=5463"}],"curies":[{"name":"wp","href":"https:\/\/api.w.org\/{rel}","templated":true}]}}