{"id":5480,"date":"2018-09-04T16:06:06","date_gmt":"2018-09-04T15:06:06","guid":{"rendered":"https:\/\/www.mouthiers-sur-boeme.fr\/?p=5480"},"modified":"2018-09-04T16:06:59","modified_gmt":"2018-09-04T15:06:59","slug":"rentree-culturelle","status":"publish","type":"post","link":"https:\/\/www.mouthiers-sur-boeme.fr\/?p=5480","title":{"rendered":"Rentr\u00e9e Culturelle"},"content":{"rendered":"<p><span style=\"font-size: medium;\">C&rsquo;est l&rsquo;heure de la rentr\u00e9e pour tout le monde et aussi pour la m\u00e9diath\u00e8que ! A cette occasion, d\u00e9couvrez le <span style=\"color: #ef0f5b;\">nouveau programme de votre R\u00e9seau Papillon-Lecture<\/span> : expositions, rencontres et ateliers seront au rendez-vous ! <\/span><\/p>\n<p><span style=\"font-size: medium;\">\u00a0Pour visualiser le nouveau programme il vous suffit de cliquer sur notre site <span id=\"OBJ_PREFIX_DWT6171_com_zimbra_url\" class=\"Object\" role=\"link\"><a href=\"http:\/\/www.papillon-lecture.fr\/index.php?lvl=cmspage&amp;pageid=4&amp;id_article=181\" target=\"_blank\" rel=\"noopener\">Papillon-Lecture<\/a><\/span><br \/>\n<\/span><!--more--><\/p>\n<p><span style=\"font-size: medium;\">Ce qui vous attend en <span style=\"color: #ee1060;\">Septembre<\/span> :<\/span><\/p>\n<p><span style=\"font-size: medium;\">&#8211; <span id=\"OBJ_PREFIX_DWT6172_com_zimbra_date\" class=\"Object\" role=\"link\">Vendredi<\/span> 7 Septembre \u00e0 18 h \u00e0 Roullet : Caf\u00e9-Lecture<\/span><\/p>\n<p><span style=\"font-size: medium;\">&#8211; <span id=\"OBJ_PREFIX_DWT6173_com_zimbra_date\" class=\"Object\" role=\"link\">Jeudi<\/span> 13 Septembre \u00e0 18h \u00e0 Roullet : Loisirs cr\u00e9atifs<\/span><\/p>\n<p><span style=\"font-size: medium;\">&#8211; <span id=\"OBJ_PREFIX_DWT6174_com_zimbra_date\" class=\"Object\" role=\"link\">Jeudi<\/span> 20 Septembre \u00e0 20h \u00e0 Mouthiers : 20 BD<\/span><\/p>\n<p><span style=\"font-size: medium;\">&#8211; <span id=\"OBJ_PREFIX_DWT6175_com_zimbra_date\" class=\"Object\" role=\"link\">Vendredi<\/span> 21 Septembre \u00e0 18h30 : Conf\u00e9rence de Monique Gu\u00e9rin<\/span><\/p>\n<p><span style=\"font-size: medium;\">&#8211; <span id=\"OBJ_PREFIX_DWT6176_com_zimbra_date\" class=\"Object\" role=\"link\">Samedi<\/span> 22 Septembre \u00e0 11h \u00e0 Mouthiers : P&rsquo;tit d\u00e9j num\u00e9rique avec Sophie Foug\u00e8re<\/span><\/p>\n<p><span style=\"font-size: medium;\">&#8211; <span id=\"OBJ_PREFIX_DWT6177_com_zimbra_date\" class=\"Object\" role=\"link\">Samedi<\/span> 22 Septembre de 10h \u00e0 16h \u00e0 Mouthiers : Atelier cr\u00e9ation d&rsquo;un BD num\u00e9rique<\/span><\/p>\n<p><span style=\"font-size: medium;\">&#8211; <span id=\"OBJ_PREFIX_DWT6178_com_zimbra_date\" class=\"Object\" role=\"link\">Dimanche<\/span> 30 Septembre \u00e0 15h MJC de Mouthiers : Contes pour Rire de Colette Mign\u00e9 <\/span><\/p>\n<p><strong><span style=\"color: #ee1060; font-size: medium;\">Attention : Nouveaux horaires de la m\u00e9diath\u00e8que de Mouthiers !<\/span><\/strong><\/p>\n<p><strong><span style=\"color: #ee1060; font-size: medium;\">&#8211; <span id=\"OBJ_PREFIX_DWT6179_com_zimbra_date\" class=\"Object\" role=\"link\">Mardi<\/span> : 9h-12h15<\/span><\/strong><\/p>\n<p><strong><span style=\"color: #ee1060; font-size: medium;\">&#8211; <span id=\"OBJ_PREFIX_DWT6180_com_zimbra_date\" class=\"Object\" role=\"link\">Mercredi<\/span> : 13h30-18h<\/span><\/strong><\/p>\n<p><strong><span style=\"color: #ee1060; font-size: medium;\">&#8211; <span id=\"OBJ_PREFIX_DWT6181_com_zimbra_date\" class=\"Object\" role=\"link\">Jeudi<\/span> : 9h-12h15<\/span><\/strong><\/p>\n<p><strong><span style=\"color: #ee1060; font-size: medium;\">&#8211; <span id=\"OBJ_PREFIX_DWT6182_com_zimbra_date\" class=\"Object\" role=\"link\">Vendredi<\/span> : 16h-19h<\/span><\/strong><\/p>\n<p><strong><span style=\"color: #ee1060; font-size: medium;\">&#8211; <span id=\"OBJ_PREFIX_DWT6183_com_zimbra_date\" class=\"Object\" role=\"link\">Samedi<\/span> : 10h-12h30 \/ 13h30-16h30 <\/span><\/strong><\/p>\n","protected":false},"excerpt":{"rendered":"<p>C&rsquo;est l&rsquo;heure de la rentr\u00e9e pour tout le monde et aussi pour la m\u00e9diath\u00e8que ! A cette occasion, d\u00e9couvrez le nouveau programme de votre R\u00e9seau Papillon-Lecture : expositions, rencontres et ateliers seront au rendez-vous ! \u00a0Pour visualiser le nouveau programme il vous suffit de cliquer sur notre site Papillon-Lecture<\/p>\n","protected":false},"author":22,"featured_media":0,"comment_status":"open","ping_status":"open","sticky":false,"template":"","format":"standard","meta":[],"categories":[20],"tags":[],"_links":{"self":[{"href":"https:\/\/www.mouthiers-sur-boeme.fr\/index.php?rest_route=\/wp\/v2\/posts\/5480"}],"collection":[{"href":"https:\/\/www.mouthiers-sur-boeme.fr\/index.php?rest_route=\/wp\/v2\/posts"}],"about":[{"href":"https:\/\/www.mouthiers-sur-boeme.fr\/index.php?rest_route=\/wp\/v2\/types\/post"}],"author":[{"embeddable":true,"href":"https:\/\/www.mouthiers-sur-boeme.fr\/index.php?rest_route=\/wp\/v2\/users\/22"}],"replies":[{"embeddable":true,"href":"https:\/\/www.mouthiers-sur-boeme.fr\/index.php?rest_route=%2Fwp%2Fv2%2Fcomments&post=5480"}],"version-history":[{"count":2,"href":"https:\/\/www.mouthiers-sur-boeme.fr\/index.php?rest_route=\/wp\/v2\/posts\/5480\/revisions"}],"predecessor-version":[{"id":5482,"href":"https:\/\/www.mouthiers-sur-boeme.fr\/index.php?rest_route=\/wp\/v2\/posts\/5480\/revisions\/5482"}],"wp:attachment":[{"href":"https:\/\/www.mouthiers-sur-boeme.fr\/index.php?rest_route=%2Fwp%2Fv2%2Fmedia&parent=5480"}],"wp:term":[{"taxonomy":"category","embeddable":true,"href":"https:\/\/www.mouthiers-sur-boeme.fr\/index.php?rest_route=%2Fwp%2Fv2%2Fcategories&post=5480"},{"taxonomy":"post_tag","embeddable":true,"href":"https:\/\/www.mouthiers-sur-boeme.fr\/index.php?rest_route=%2Fwp%2Fv2%2Ftags&post=5480"}],"curies":[{"name":"wp","href":"https:\/\/api.w.org\/{rel}","templated":true}]}}