{"id":5525,"date":"2018-09-26T14:06:06","date_gmt":"2018-09-26T13:06:06","guid":{"rendered":"https:\/\/www.mouthiers-sur-boeme.fr\/?p=5525"},"modified":"2018-10-04T15:04:14","modified_gmt":"2018-10-04T14:04:14","slug":"au-fil-du-conte-colette-migne-a-la-mjc-le-30-septembre-a-15h","status":"publish","type":"post","link":"https:\/\/www.mouthiers-sur-boeme.fr\/?p=5525","title":{"rendered":"Au fil du conte : Colette Mign\u00e9 \u00e0 la MJC le 30 septembre \u00e0 15h"},"content":{"rendered":"<p>Au fil du conte du 28 septembre au 07 octobre. Colette Mign\u00e9 s&rsquo;arr\u00eate \u00e0 Mouthiers avec \u00ab\u00a0contes pour rire\u00a0\u00bb. Sourire enj\u00f4leur, le verbe po\u00e9tique et la gestuelle tout en rondeur, Colette Mign\u00e9 fait rire et r\u00eaver. Elle sort de son \u00ab\u00a0sac \u00e0 mensonges\u00a0\u00bb plein d&rsquo;histoires extravagantes . Un pur bonheur.<\/p>\n<p>RDV dimanche 30 septembre \u00e0 15 h MJC Jules Berry<\/p>\n<p><a href=\"https:\/\/www.mouthiers-sur-boeme.fr\/wp-content\/uploads\/2018\/09\/cd16_580x580.jpg\"><img loading=\"lazy\" class=\"aligncenter size-medium wp-image-5529\" src=\"https:\/\/www.mouthiers-sur-boeme.fr\/wp-content\/uploads\/2018\/09\/cd16_580x580-300x300.jpg\" alt=\"\" width=\"300\" height=\"300\" srcset=\"https:\/\/www.mouthiers-sur-boeme.fr\/wp-content\/uploads\/2018\/09\/cd16_580x580-300x300.jpg 300w, https:\/\/www.mouthiers-sur-boeme.fr\/wp-content\/uploads\/2018\/09\/cd16_580x580-150x150.jpg 150w, https:\/\/www.mouthiers-sur-boeme.fr\/wp-content\/uploads\/2018\/09\/cd16_580x580.jpg 580w\" sizes=\"(max-width: 300px) 100vw, 300px\" \/><\/a> Tout public \u00e0 partir de 7 ans<\/p>\n","protected":false},"excerpt":{"rendered":"<p>Au fil du conte du 28 septembre au 07 octobre. Colette Mign\u00e9 s&rsquo;arr\u00eate \u00e0 Mouthiers avec \u00ab\u00a0contes pour rire\u00a0\u00bb. Sourire enj\u00f4leur, le verbe po\u00e9tique et la gestuelle tout en rondeur, Colette Mign\u00e9 fait rire et r\u00eaver. Elle sort de son \u00ab\u00a0sac \u00e0 mensonges\u00a0\u00bb plein d&rsquo;histoires extravagantes . Un pur bonheur. RDV dimanche 30 septembre \u00e0 &hellip; <a href=\"https:\/\/www.mouthiers-sur-boeme.fr\/?p=5525\" class=\"more-link\">Continuer la lecture de <span class=\"screen-reader-text\">Au fil du conte : Colette Mign\u00e9 \u00e0 la MJC le 30 septembre \u00e0 15h<\/span>  <span class=\"meta-nav\">&rarr;<\/span><\/a><\/p>\n","protected":false},"author":22,"featured_media":5529,"comment_status":"open","ping_status":"open","sticky":false,"template":"","format":"standard","meta":[],"categories":[20],"tags":[],"_links":{"self":[{"href":"https:\/\/www.mouthiers-sur-boeme.fr\/index.php?rest_route=\/wp\/v2\/posts\/5525"}],"collection":[{"href":"https:\/\/www.mouthiers-sur-boeme.fr\/index.php?rest_route=\/wp\/v2\/posts"}],"about":[{"href":"https:\/\/www.mouthiers-sur-boeme.fr\/index.php?rest_route=\/wp\/v2\/types\/post"}],"author":[{"embeddable":true,"href":"https:\/\/www.mouthiers-sur-boeme.fr\/index.php?rest_route=\/wp\/v2\/users\/22"}],"replies":[{"embeddable":true,"href":"https:\/\/www.mouthiers-sur-boeme.fr\/index.php?rest_route=%2Fwp%2Fv2%2Fcomments&post=5525"}],"version-history":[{"count":3,"href":"https:\/\/www.mouthiers-sur-boeme.fr\/index.php?rest_route=\/wp\/v2\/posts\/5525\/revisions"}],"predecessor-version":[{"id":5530,"href":"https:\/\/www.mouthiers-sur-boeme.fr\/index.php?rest_route=\/wp\/v2\/posts\/5525\/revisions\/5530"}],"wp:featuredmedia":[{"embeddable":true,"href":"https:\/\/www.mouthiers-sur-boeme.fr\/index.php?rest_route=\/wp\/v2\/media\/5529"}],"wp:attachment":[{"href":"https:\/\/www.mouthiers-sur-boeme.fr\/index.php?rest_route=%2Fwp%2Fv2%2Fmedia&parent=5525"}],"wp:term":[{"taxonomy":"category","embeddable":true,"href":"https:\/\/www.mouthiers-sur-boeme.fr\/index.php?rest_route=%2Fwp%2Fv2%2Fcategories&post=5525"},{"taxonomy":"post_tag","embeddable":true,"href":"https:\/\/www.mouthiers-sur-boeme.fr\/index.php?rest_route=%2Fwp%2Fv2%2Ftags&post=5525"}],"curies":[{"name":"wp","href":"https:\/\/api.w.org\/{rel}","templated":true}]}}