{"id":5559,"date":"2018-10-05T14:27:20","date_gmt":"2018-10-05T13:27:20","guid":{"rendered":"https:\/\/www.mouthiers-sur-boeme.fr\/?p=5559"},"modified":"2018-10-28T17:31:18","modified_gmt":"2018-10-28T16:31:18","slug":"vendredi-12-octobre-20h30-reunion-publique-atlas-de-la-biodiversite-communale","status":"publish","type":"post","link":"https:\/\/www.mouthiers-sur-boeme.fr\/?p=5559","title":{"rendered":"Vendredi 12 octobre 20h30 &#8211; R\u00e9union Publique \u00ab\u00a0Atlas de la Biodiversit\u00e9 Communale\u00a0\u00bb"},"content":{"rendered":"<p style=\"text-align: center;\">Notre Atlas de la Biodiversit\u00e9 Communale nous fera mieux conna\u00eetre le monde vivant, v\u00e9g\u00e9tal et animal qui nous entoure.<br \/>\nIl nous renseigne sur cette richesse inestimable, qui pourrait<br \/>\ndispara\u00eetre et nous manquer,<br \/>\nsi nous n\u2019en prenons pas soin.<\/p>\n<p style=\"text-align: center;\"><strong>PR\u00c9SENTATION PUBLIQUE DE L\u2019A.B.C.<\/strong><br \/>\n<strong>VENDREDI 12 OCTOBRE 20 H 30<\/strong><br \/>\n<strong>SALLE GILLES PLOQUIN<\/strong><\/p>\n<p><b>Mouthiers-sur-Bo\u00ebme,<br \/>\n<\/b><b>un patrimoine naturel riche et diversifi\u00e9\u2026<\/b><!--more--><\/p>\n<ul>\n<li><b>38 habitats dont 18 d\u2019int\u00e9r\u00eat communautaire <\/b><\/li>\n<li><b>37 esp\u00e8ces v\u00e9g\u00e9tales patrimoniales dont 9 prot\u00e9g\u00e9es <\/b><\/li>\n<li><b>92 esp\u00e8ces animales patrimoniales :<\/b><\/li>\n<\/ul>\n<p><b>Mammif\u00e8res : 24 esp\u00e8ces<br \/>\n<\/b><b>Oiseaux nicheurs : 23 esp\u00e8ces<br \/>\n<\/b><b>Reptiles et amphibiens : 11 esp\u00e8ces<br \/>\n<\/b><b>Papillons de jour : 11 esp\u00e8ces<br \/>\n<\/b><b>Libellules : 8 esp\u00e8ces<br \/>\n<\/b><b>Sauterelles et criquets : 10 esp\u00e8ces,,,<\/b><\/p>\n<p>&nbsp;<\/p>\n","protected":false},"excerpt":{"rendered":"<p>Notre Atlas de la Biodiversit\u00e9 Communale nous fera mieux conna\u00eetre le monde vivant, v\u00e9g\u00e9tal et animal qui nous entoure. Il nous renseigne sur cette richesse inestimable, qui pourrait dispara\u00eetre et nous manquer, si nous n\u2019en prenons pas soin. PR\u00c9SENTATION PUBLIQUE DE L\u2019A.B.C. VENDREDI 12 OCTOBRE 20 H 30 SALLE GILLES PLOQUIN Mouthiers-sur-Bo\u00ebme, un patrimoine naturel &hellip; <a href=\"https:\/\/www.mouthiers-sur-boeme.fr\/?p=5559\" class=\"more-link\">Continuer la lecture de <span class=\"screen-reader-text\">Vendredi 12 octobre 20h30 &#8211; R\u00e9union Publique \u00ab\u00a0Atlas de la Biodiversit\u00e9 Communale\u00a0\u00bb<\/span>  <span class=\"meta-nav\">&rarr;<\/span><\/a><\/p>\n","protected":false},"author":22,"featured_media":5560,"comment_status":"open","ping_status":"open","sticky":false,"template":"","format":"standard","meta":[],"categories":[4],"tags":[],"_links":{"self":[{"href":"https:\/\/www.mouthiers-sur-boeme.fr\/index.php?rest_route=\/wp\/v2\/posts\/5559"}],"collection":[{"href":"https:\/\/www.mouthiers-sur-boeme.fr\/index.php?rest_route=\/wp\/v2\/posts"}],"about":[{"href":"https:\/\/www.mouthiers-sur-boeme.fr\/index.php?rest_route=\/wp\/v2\/types\/post"}],"author":[{"embeddable":true,"href":"https:\/\/www.mouthiers-sur-boeme.fr\/index.php?rest_route=\/wp\/v2\/users\/22"}],"replies":[{"embeddable":true,"href":"https:\/\/www.mouthiers-sur-boeme.fr\/index.php?rest_route=%2Fwp%2Fv2%2Fcomments&post=5559"}],"version-history":[{"count":1,"href":"https:\/\/www.mouthiers-sur-boeme.fr\/index.php?rest_route=\/wp\/v2\/posts\/5559\/revisions"}],"predecessor-version":[{"id":5561,"href":"https:\/\/www.mouthiers-sur-boeme.fr\/index.php?rest_route=\/wp\/v2\/posts\/5559\/revisions\/5561"}],"wp:featuredmedia":[{"embeddable":true,"href":"https:\/\/www.mouthiers-sur-boeme.fr\/index.php?rest_route=\/wp\/v2\/media\/5560"}],"wp:attachment":[{"href":"https:\/\/www.mouthiers-sur-boeme.fr\/index.php?rest_route=%2Fwp%2Fv2%2Fmedia&parent=5559"}],"wp:term":[{"taxonomy":"category","embeddable":true,"href":"https:\/\/www.mouthiers-sur-boeme.fr\/index.php?rest_route=%2Fwp%2Fv2%2Fcategories&post=5559"},{"taxonomy":"post_tag","embeddable":true,"href":"https:\/\/www.mouthiers-sur-boeme.fr\/index.php?rest_route=%2Fwp%2Fv2%2Ftags&post=5559"}],"curies":[{"name":"wp","href":"https:\/\/api.w.org\/{rel}","templated":true}]}}