{"id":5565,"date":"2018-10-07T13:44:38","date_gmt":"2018-10-07T12:44:38","guid":{"rendered":"https:\/\/www.mouthiers-sur-boeme.fr\/?p=5565"},"modified":"2018-10-10T11:53:01","modified_gmt":"2018-10-10T10:53:01","slug":"le-jour-de-la-nuit-13-octobre","status":"publish","type":"post","link":"https:\/\/www.mouthiers-sur-boeme.fr\/?p=5565","title":{"rendered":"Le jour de la nuit : 13 octobre"},"content":{"rendered":"<p>A Mouthiers le soir du 13 octobre, pas de lumi\u00e8res ext\u00e9rieures. Sensibilisation \u00e0 la pollution lumineuse, protection de la biodiversit\u00e9 nocturne, observation du ciel \u00e9toil\u00e9.<\/p>\n","protected":false},"excerpt":{"rendered":"<p>A Mouthiers le soir du 13 octobre, pas de lumi\u00e8res ext\u00e9rieures. Sensibilisation \u00e0 la pollution lumineuse, protection de la biodiversit\u00e9 nocturne, observation du ciel \u00e9toil\u00e9.<\/p>\n","protected":false},"author":22,"featured_media":5575,"comment_status":"open","ping_status":"open","sticky":false,"template":"","format":"standard","meta":[],"categories":[4],"tags":[],"_links":{"self":[{"href":"https:\/\/www.mouthiers-sur-boeme.fr\/index.php?rest_route=\/wp\/v2\/posts\/5565"}],"collection":[{"href":"https:\/\/www.mouthiers-sur-boeme.fr\/index.php?rest_route=\/wp\/v2\/posts"}],"about":[{"href":"https:\/\/www.mouthiers-sur-boeme.fr\/index.php?rest_route=\/wp\/v2\/types\/post"}],"author":[{"embeddable":true,"href":"https:\/\/www.mouthiers-sur-boeme.fr\/index.php?rest_route=\/wp\/v2\/users\/22"}],"replies":[{"embeddable":true,"href":"https:\/\/www.mouthiers-sur-boeme.fr\/index.php?rest_route=%2Fwp%2Fv2%2Fcomments&post=5565"}],"version-history":[{"count":1,"href":"https:\/\/www.mouthiers-sur-boeme.fr\/index.php?rest_route=\/wp\/v2\/posts\/5565\/revisions"}],"predecessor-version":[{"id":5566,"href":"https:\/\/www.mouthiers-sur-boeme.fr\/index.php?rest_route=\/wp\/v2\/posts\/5565\/revisions\/5566"}],"wp:featuredmedia":[{"embeddable":true,"href":"https:\/\/www.mouthiers-sur-boeme.fr\/index.php?rest_route=\/wp\/v2\/media\/5575"}],"wp:attachment":[{"href":"https:\/\/www.mouthiers-sur-boeme.fr\/index.php?rest_route=%2Fwp%2Fv2%2Fmedia&parent=5565"}],"wp:term":[{"taxonomy":"category","embeddable":true,"href":"https:\/\/www.mouthiers-sur-boeme.fr\/index.php?rest_route=%2Fwp%2Fv2%2Fcategories&post=5565"},{"taxonomy":"post_tag","embeddable":true,"href":"https:\/\/www.mouthiers-sur-boeme.fr\/index.php?rest_route=%2Fwp%2Fv2%2Ftags&post=5565"}],"curies":[{"name":"wp","href":"https:\/\/api.w.org\/{rel}","templated":true}]}}