{"id":5583,"date":"2018-10-28T17:35:42","date_gmt":"2018-10-28T16:35:42","guid":{"rendered":"https:\/\/www.mouthiers-sur-boeme.fr\/?p=5583"},"modified":"2018-11-18T20:05:33","modified_gmt":"2018-11-18T19:05:33","slug":"ephad-inauguration-fresque","status":"publish","type":"post","link":"https:\/\/www.mouthiers-sur-boeme.fr\/?p=5583","title":{"rendered":"EHPAD &#8211; vendredi 9 nov 17h30 Inauguration fresque"},"content":{"rendered":"<p>Vendredi 9 novembre \u00e0 17h30 l&rsquo;\u00e9quipe de l&rsquo;EHPAD et les r\u00e9sidents vous attendent pour vous pr\u00e9senter leur nouvelle fresque autour d&rsquo;un verre de l&rsquo;amiti\u00e9.<a href=\"https:\/\/www.mouthiers-sur-boeme.fr\/wp-content\/uploads\/2018\/10\/Des-peintres-\u00e0-lEHPAD.jpg\"><img loading=\"lazy\" class=\"aligncenter size-medium wp-image-5614\" src=\"https:\/\/www.mouthiers-sur-boeme.fr\/wp-content\/uploads\/2018\/10\/Des-peintres-\u00e0-lEHPAD-300x194.jpg\" alt=\"\" width=\"300\" height=\"194\" srcset=\"https:\/\/www.mouthiers-sur-boeme.fr\/wp-content\/uploads\/2018\/10\/Des-peintres-\u00e0-lEHPAD-300x194.jpg 300w, https:\/\/www.mouthiers-sur-boeme.fr\/wp-content\/uploads\/2018\/10\/Des-peintres-\u00e0-lEHPAD-768x498.jpg 768w, https:\/\/www.mouthiers-sur-boeme.fr\/wp-content\/uploads\/2018\/10\/Des-peintres-\u00e0-lEHPAD-1024x663.jpg 1024w\" sizes=\"(max-width: 300px) 100vw, 300px\" \/><\/a><\/p>\n<p><a href=\"https:\/\/www.mouthiers-sur-boeme.fr\/wp-content\/uploads\/2018\/10\/INAUGURATION-EHPAD-9-NOVEMBRE.pdf\" target=\"_blank\" rel=\"noopener\">INAUGURATION EHPAD 9 NOVEMBRE<\/a><\/p>\n<p>&nbsp;<\/p>\n","protected":false},"excerpt":{"rendered":"<p>Vendredi 9 novembre \u00e0 17h30 l&rsquo;\u00e9quipe de l&rsquo;EHPAD et les r\u00e9sidents vous attendent pour vous pr\u00e9senter leur nouvelle fresque autour d&rsquo;un verre de l&rsquo;amiti\u00e9. INAUGURATION EHPAD 9 NOVEMBRE &nbsp;<\/p>\n","protected":false},"author":22,"featured_media":5615,"comment_status":"open","ping_status":"open","sticky":false,"template":"","format":"standard","meta":[],"categories":[50],"tags":[],"_links":{"self":[{"href":"https:\/\/www.mouthiers-sur-boeme.fr\/index.php?rest_route=\/wp\/v2\/posts\/5583"}],"collection":[{"href":"https:\/\/www.mouthiers-sur-boeme.fr\/index.php?rest_route=\/wp\/v2\/posts"}],"about":[{"href":"https:\/\/www.mouthiers-sur-boeme.fr\/index.php?rest_route=\/wp\/v2\/types\/post"}],"author":[{"embeddable":true,"href":"https:\/\/www.mouthiers-sur-boeme.fr\/index.php?rest_route=\/wp\/v2\/users\/22"}],"replies":[{"embeddable":true,"href":"https:\/\/www.mouthiers-sur-boeme.fr\/index.php?rest_route=%2Fwp%2Fv2%2Fcomments&post=5583"}],"version-history":[{"count":8,"href":"https:\/\/www.mouthiers-sur-boeme.fr\/index.php?rest_route=\/wp\/v2\/posts\/5583\/revisions"}],"predecessor-version":[{"id":5658,"href":"https:\/\/www.mouthiers-sur-boeme.fr\/index.php?rest_route=\/wp\/v2\/posts\/5583\/revisions\/5658"}],"wp:featuredmedia":[{"embeddable":true,"href":"https:\/\/www.mouthiers-sur-boeme.fr\/index.php?rest_route=\/wp\/v2\/media\/5615"}],"wp:attachment":[{"href":"https:\/\/www.mouthiers-sur-boeme.fr\/index.php?rest_route=%2Fwp%2Fv2%2Fmedia&parent=5583"}],"wp:term":[{"taxonomy":"category","embeddable":true,"href":"https:\/\/www.mouthiers-sur-boeme.fr\/index.php?rest_route=%2Fwp%2Fv2%2Fcategories&post=5583"},{"taxonomy":"post_tag","embeddable":true,"href":"https:\/\/www.mouthiers-sur-boeme.fr\/index.php?rest_route=%2Fwp%2Fv2%2Ftags&post=5583"}],"curies":[{"name":"wp","href":"https:\/\/api.w.org\/{rel}","templated":true}]}}